{"id":1003,"date":"2023-05-17T16:17:48","date_gmt":"2023-05-17T13:17:48","guid":{"rendered":"https:\/\/www.turhalhakimiyet.com\/?p=1003"},"modified":"2023-05-17T16:17:48","modified_gmt":"2023-05-17T13:17:48","slug":"sehidin-naasi-memleketi-tokata-ulastirildi","status":"publish","type":"post","link":"https:\/\/www.turhalhakimiyet.com\/index.php\/sehidin-naasi-memleketi-tokata-ulastirildi\/","title":{"rendered":"\u015eehidin naa\u015f\u0131 memleketi Tokat&#8217;a ula\u015ft\u0131r\u0131ld\u0131"},"content":{"rendered":"\n<h3 class=\"wp-block-heading\">\u015e\u0131rnak Bestler-Dereler b\u00f6lgesinde ter\u00f6ristlerce girilen \u00e7at\u0131\u015fmada \u015fehit olan Uzman \u00c7avu\u015f Bayram Do\u011fan\u2019\u0131n naa\u015f\u0131 memleketi Tokat\u2019a ula\u015ft\u0131r\u0131ld\u0131.<\/h3>\n\n\n\n<p>\u015e\u0131rnak Bestler-Dereler b\u00f6lgesinde ter\u00f6ristlerce girilen \u00e7at\u0131\u015fmada \u015fehit olan Uzman \u00c7avu\u015f Bayram Do\u011fan&#8217;\u0131n naa\u015f\u0131 memleketi Tokat&#8217;a ula\u015ft\u0131r\u0131ld\u0131.<\/p>\n\n\n\n<p>\u015e\u0131rnak&#8217;ta ba\u015flat\u0131lan operasyon \u00e7er\u00e7evesinde ger\u00e7ekle\u015ftirilen operasyonda Bestler-Dereler b\u00f6lgesinde arazi aramas\u0131 s\u0131ras\u0131nda ma\u011faraya s\u0131k\u0131\u015ft\u0131r\u0131lan bir grup ter\u00f6rist ile s\u0131cak temas sa\u011fland\u0131. \u00c7\u0131kan \u00e7at\u0131\u015fmada 2 jandarma personeli \u015fehit oldu, 1 g\u00fcvenlik korucusu ile 1 jandarma personeli yaraland\u0131. \u00d6te yandan 3 ter\u00f6rist ise etkisiz hale getirildi. \u015eehitlerden \u00c7ak\u0131rs\u00f6\u011f\u00fct 3. Jandarma Komanda Tugay Komutanl\u0131\u011f\u0131nda g\u00f6revli Jandarma Uzman \u00c7avu\u015f Bayram Do\u011fan&#8217;\u0131n naa\u015f\u0131 \u015e\u0131rnak&#8217;ta yap\u0131lan t\u00f6renin ard\u0131ndan memleketi Tokat&#8217;a getirildi. Tokat havaliman\u0131na getirilen \u015fehitin naa\u015f\u0131n\u0131 annesi, babas\u0131 ve akrabalar\u0131 g\u00f6z ya\u015flar\u0131 i\u00e7inde kar\u015f\u0131lad\u0131. \u015eehit Do\u011fan&#8217;\u0131n bekar oldu\u011fu, 4 karde\u015f olduklar\u0131 ve 2 karde\u015finin de uzman \u00e7avu\u015f olarak g\u00f6rev yapt\u0131\u011f\u0131 \u00f6\u011frenildi. Uzman \u00e7avu\u015f olarak vatani g\u00f6revlerini yapan karde\u015flerinin Hakkari ve Ankara&#8217;da g\u00f6rev yapt\u0131klar\u0131 \u00f6\u011frenildi.<\/p>\n\n\n\n<p>Havaliman\u0131nda yap\u0131lan kar\u015f\u0131lama t\u00f6renine; Tokat Valisi Numan Hatipo\u011flu, Tokat Belediye Ba\u015fkan\u0131 Ey\u00fcp Ero\u011flu, Jandarma K\u0131demli Albay Bahri Bostanc\u0131 ve aile yak\u0131nlar\u0131 kat\u0131ld\u0131. \u015eehidin cenazesi meslekta\u015flar\u0131n\u0131n omzunda ta\u015f\u0131narak cenaze arac\u0131na ta\u015f\u0131nd\u0131. \u015eehidin cenaze namaz\u0131, yar\u0131n ikindi namaz\u0131na m\u00fcteakip Turhal il\u00e7e meydan\u0131nda k\u0131l\u0131nacak. Namaz\u0131n ard\u0131ndan \u015fehidin naa\u015f\u0131 memleketi Turhal&#8217;a ba\u011fl\u0131 \u00c7ay\u0131ralt\u0131 K\u00f6y\u00fc&#8217;nde topra\u011fa<\/p>\n","protected":false},"excerpt":{"rendered":"<p>\u015e\u0131rnak Bestler-Dereler b\u00f6lgesinde ter\u00f6ristlerce girilen \u00e7at\u0131\u015fmada \u015fehit olan Uzman \u00c7avu\u015f Bayram Do\u011fan\u2019\u0131n naa\u015f\u0131 memleketi Tokat\u2019a ula\u015ft\u0131r\u0131ld\u0131. \u015e\u0131rnak Bestler-Dereler b\u00f6lgesinde ter\u00f6ristlerce girilen \u00e7at\u0131\u015fmada \u015fehit olan Uzman \u00c7avu\u015f Bayram Do\u011fan&#8217;\u0131n naa\u015f\u0131 memleketi Tokat&#8217;a ula\u015ft\u0131r\u0131ld\u0131. \u015e\u0131rnak&#8217;ta ba\u015flat\u0131lan operasyon \u00e7er\u00e7evesinde ger\u00e7ekle\u015ftirilen operasyonda Bestler-Dereler b\u00f6lgesinde arazi aramas\u0131 s\u0131ras\u0131nda ma\u011faraya s\u0131k\u0131\u015ft\u0131r\u0131lan bir grup ter\u00f6rist ile s\u0131cak temas sa\u011fland\u0131. \u00c7\u0131kan \u00e7at\u0131\u015fmada 2 [&hellip;]<\/p>\n","protected":false},"author":2,"featured_media":1004,"comment_status":"open","ping_status":"open","sticky":false,"template":"","format":"standard","meta":{"footnotes":""},"categories":[1],"tags":[],"class_list":["post-1003","post","type-post","status-publish","format-standard","has-post-thumbnail","hentry","category-turhal-haberleri"],"_links":{"self":[{"href":"https:\/\/www.turhalhakimiyet.com\/index.php\/wp-json\/wp\/v2\/posts\/1003","targetHints":{"allow":["GET"]}}],"collection":[{"href":"https:\/\/www.turhalhakimiyet.com\/index.php\/wp-json\/wp\/v2\/posts"}],"about":[{"href":"https:\/\/www.turhalhakimiyet.com\/index.php\/wp-json\/wp\/v2\/types\/post"}],"author":[{"embeddable":true,"href":"https:\/\/www.turhalhakimiyet.com\/index.php\/wp-json\/wp\/v2\/users\/2"}],"replies":[{"embeddable":true,"href":"https:\/\/www.turhalhakimiyet.com\/index.php\/wp-json\/wp\/v2\/comments?post=1003"}],"version-history":[{"count":1,"href":"https:\/\/www.turhalhakimiyet.com\/index.php\/wp-json\/wp\/v2\/posts\/1003\/revisions"}],"predecessor-version":[{"id":1005,"href":"https:\/\/www.turhalhakimiyet.com\/index.php\/wp-json\/wp\/v2\/posts\/1003\/revisions\/1005"}],"wp:featuredmedia":[{"embeddable":true,"href":"https:\/\/www.turhalhakimiyet.com\/index.php\/wp-json\/wp\/v2\/media\/1004"}],"wp:attachment":[{"href":"https:\/\/www.turhalhakimiyet.com\/index.php\/wp-json\/wp\/v2\/media?parent=1003"}],"wp:term":[{"taxonomy":"category","embeddable":true,"href":"https:\/\/www.turhalhakimiyet.com\/index.php\/wp-json\/wp\/v2\/categories?post=1003"},{"taxonomy":"post_tag","embeddable":true,"href":"https:\/\/www.turhalhakimiyet.com\/index.php\/wp-json\/wp\/v2\/tags?post=1003"}],"curies":[{"name":"wp","href":"https:\/\/api.w.org\/{rel}","templated":true}]}}