{"id":1013,"date":"2023-05-18T09:52:48","date_gmt":"2023-05-18T06:52:48","guid":{"rendered":"https:\/\/www.turhalhakimiyet.com\/?p=1013"},"modified":"2023-05-18T09:52:48","modified_gmt":"2023-05-18T06:52:48","slug":"hafif-ticari-arac-istinat-duvarina-carpti-1-olu-3-yarali","status":"publish","type":"post","link":"https:\/\/www.turhalhakimiyet.com\/index.php\/hafif-ticari-arac-istinat-duvarina-carpti-1-olu-3-yarali\/","title":{"rendered":"Hafif ticari ara\u00e7 istinat duvar\u0131na \u00e7arpt\u0131: 1 \u00f6l\u00fc, 3 yaral\u0131"},"content":{"rendered":"\n<h3 class=\"wp-block-heading\">Tokat\u2019ta hafif ticari arac\u0131n istinat duvar\u0131na \u00e7arpmas\u0131 sonucu 1 ki\u015fi hayat\u0131n\u0131 kaybetti, 3 ki\u015fi yaraland\u0131.<\/h3>\n\n\n\n<p>Tokat&#8217;ta hafif ticari arac\u0131n istinat duvar\u0131na \u00e7arpmas\u0131 sonucu 1 ki\u015fi hayat\u0131n\u0131 kaybetti, 3 ki\u015fi yaraland\u0131.<\/p>\n\n\n\n<p>Edinilen bilgilere g\u00f6re kaza, Erbaa il\u00e7esi Tepek\u0131\u015fla k\u00f6y\u00fc yak\u0131nlar\u0131nda meydana geldi. Kocaeli&#8217;den Ordu&#8217;ya giden Ya\u015far Kele\u015f (60) y\u00f6netimindeki 41 FB 105 plakal\u0131 Citroen marka hafif ticari ara\u00e7, s\u00fcr\u00fcc\u00fcs\u00fcn\u00fcn direksiyon hakimiyetini kaybetmesi sonucu yol kenar\u0131ndaki istinat duvar\u0131na \u00e7arpt\u0131. Kazada s\u00fcr\u00fcc\u00fc ile ara\u00e7taki yak\u0131nlar\u0131 G\u00fcleser G\u00f6kbudak (60), Selahattin Kele\u015f (65) ve Fatma Kele\u015f yaraland\u0131. \u0130hbar \u00fczerine olay yerine polis, itfaiye ve sa\u011fl\u0131k ekipleri sevk edildi. Yaral\u0131lar ambulanslarla hastanelere kald\u0131r\u0131larak tedavi alt\u0131na al\u0131nd\u0131. Yaral\u0131lardan Fatma Kele\u015f, doktorlar\u0131n t\u00fcm m\u00fcdahalesine ra\u011fmen hayat\u0131n\u0131 kaybetti. Polis kazayla ilgili inceleme ba\u015flatt\u0131.<\/p>\n","protected":false},"excerpt":{"rendered":"<p>Tokat\u2019ta hafif ticari arac\u0131n istinat duvar\u0131na \u00e7arpmas\u0131 sonucu 1 ki\u015fi hayat\u0131n\u0131 kaybetti, 3 ki\u015fi yaraland\u0131. Tokat&#8217;ta hafif ticari arac\u0131n istinat duvar\u0131na \u00e7arpmas\u0131 sonucu 1 ki\u015fi hayat\u0131n\u0131 kaybetti, 3 ki\u015fi yaraland\u0131. Edinilen bilgilere g\u00f6re kaza, Erbaa il\u00e7esi Tepek\u0131\u015fla k\u00f6y\u00fc yak\u0131nlar\u0131nda meydana geldi. Kocaeli&#8217;den Ordu&#8217;ya giden Ya\u015far Kele\u015f (60) y\u00f6netimindeki 41 FB 105 plakal\u0131 Citroen marka hafif [&hellip;]<\/p>\n","protected":false},"author":2,"featured_media":1014,"comment_status":"open","ping_status":"open","sticky":false,"template":"","format":"standard","meta":{"footnotes":""},"categories":[1],"tags":[],"class_list":["post-1013","post","type-post","status-publish","format-standard","has-post-thumbnail","hentry","category-turhal-haberleri"],"_links":{"self":[{"href":"https:\/\/www.turhalhakimiyet.com\/index.php\/wp-json\/wp\/v2\/posts\/1013","targetHints":{"allow":["GET"]}}],"collection":[{"href":"https:\/\/www.turhalhakimiyet.com\/index.php\/wp-json\/wp\/v2\/posts"}],"about":[{"href":"https:\/\/www.turhalhakimiyet.com\/index.php\/wp-json\/wp\/v2\/types\/post"}],"author":[{"embeddable":true,"href":"https:\/\/www.turhalhakimiyet.com\/index.php\/wp-json\/wp\/v2\/users\/2"}],"replies":[{"embeddable":true,"href":"https:\/\/www.turhalhakimiyet.com\/index.php\/wp-json\/wp\/v2\/comments?post=1013"}],"version-history":[{"count":1,"href":"https:\/\/www.turhalhakimiyet.com\/index.php\/wp-json\/wp\/v2\/posts\/1013\/revisions"}],"predecessor-version":[{"id":1015,"href":"https:\/\/www.turhalhakimiyet.com\/index.php\/wp-json\/wp\/v2\/posts\/1013\/revisions\/1015"}],"wp:featuredmedia":[{"embeddable":true,"href":"https:\/\/www.turhalhakimiyet.com\/index.php\/wp-json\/wp\/v2\/media\/1014"}],"wp:attachment":[{"href":"https:\/\/www.turhalhakimiyet.com\/index.php\/wp-json\/wp\/v2\/media?parent=1013"}],"wp:term":[{"taxonomy":"category","embeddable":true,"href":"https:\/\/www.turhalhakimiyet.com\/index.php\/wp-json\/wp\/v2\/categories?post=1013"},{"taxonomy":"post_tag","embeddable":true,"href":"https:\/\/www.turhalhakimiyet.com\/index.php\/wp-json\/wp\/v2\/tags?post=1013"}],"curies":[{"name":"wp","href":"https:\/\/api.w.org\/{rel}","templated":true}]}}