{"id":1047,"date":"2023-05-26T10:48:30","date_gmt":"2023-05-26T07:48:30","guid":{"rendered":"https:\/\/www.turhalhakimiyet.com\/?p=1047"},"modified":"2023-05-26T10:48:30","modified_gmt":"2023-05-26T07:48:30","slug":"6-cana-umut-olan-mertin-cenaze-namazi-kilindi","status":"publish","type":"post","link":"https:\/\/www.turhalhakimiyet.com\/index.php\/6-cana-umut-olan-mertin-cenaze-namazi-kilindi\/","title":{"rendered":"6 cana umut olan Mert&#8217;in cenaze namaz\u0131 k\u0131l\u0131nd\u0131"},"content":{"rendered":"\n<h3 class=\"wp-block-heading\">Tokat\u2019ta organlar\u0131n\u0131 ba\u011f\u0131\u015flayarak 6 cana umut olan Mert Y\u0131ld\u0131r\u0131m\u2019\u0131n cenaze namaz\u0131 k\u0131l\u0131nd\u0131.<\/h3>\n\n\n\n<p>Tokat&#8217;ta organlar\u0131n\u0131 ba\u011f\u0131\u015flayarak 6 cana umut olan Mert Y\u0131ld\u0131r\u0131m&#8217;\u0131n cenaze namaz\u0131 k\u0131l\u0131nd\u0131. 21 ya\u015f\u0131ndaki gencin 6 ay \u00f6nce &#8220;Bana bir \u015fey olursa ihtiya\u00e7 sahipleri i\u00e7in organlar\u0131m\u0131 feda ederim&#8221; dedi\u011fi \u00f6\u011frenildi.<\/p>\n\n\n\n<p>5 g\u00fcn \u00f6nce Tokat&#8217;\u0131n Erbaa il\u00e7esinde ge\u00e7irdi\u011fi trafik kazas\u0131nda a\u011f\u0131r yaralanarak Tokat Devlet Hastanesinde tedavi alt\u0131na al\u0131nan Mert Y\u0131ld\u0131r\u0131m (21), ge\u00e7ti\u011fimiz g\u00fcn ya\u015fam m\u00fccadelesini kaybetti. Y\u0131ld\u0131r\u0131m&#8217;\u0131n ya\u015fam m\u00fccadelesini kaybetmesinin ard\u0131ndan Tokat Devlet Hastanesi ve \u0130l Sa\u011fl\u0131k M\u00fcd\u00fcrl\u00fc\u011f\u00fc devreye girerek hasta yak\u0131nlar\u0131yla g\u00f6r\u00fc\u015f\u00fcld\u00fc. G\u00f6r\u00fc\u015fmenin ard\u0131ndan hasta yak\u0131nlar\u0131 vefat eden hastan\u0131n organlar\u0131n\u0131n ba\u011f\u0131\u015flanmas\u0131na karar verdi. Karar\u0131n al\u0131nmas\u0131n\u0131n ard\u0131ndan nakil i\u015flemi i\u00e7in ekipler harekete ge\u00e7ti. Sabah saatlerinde yap\u0131lan ameliyat\u0131n ard\u0131ndan, Y\u0131ld\u0131r\u0131m&#8217;\u0131n 2 kornea, 2 b\u00f6brek, karaci\u011fer ve kalbi ba\u011f\u0131\u015flayarak 6 cana umut oldu. 6 cana umut olan Y\u0131ld\u0131r\u0131m&#8217;\u0131n cenaze namaz\u0131 bug\u00fcn memleketi Erbaa&#8217;da k\u0131l\u0131nd\u0131. G\u00f6zya\u015flar\u0131 i\u00e7inde u\u011furlanan Y\u0131ld\u0131r\u0131m&#8217;\u0131n, cans\u0131z bedeni Erbaa Merkez Mezarl\u0131\u011f\u0131&#8217;na defnedildi. Y\u0131ld\u0131r\u0131m&#8217;\u0131n 6 ay \u00f6nce &#8220;Bana bir \u015fey olursa ihtiya\u00e7 sahipleri i\u00e7in organlar\u0131m\u0131 feda ederim&#8221; dedi\u011fi \u00f6\u011frenildi.<\/p>\n","protected":false},"excerpt":{"rendered":"<p>Tokat\u2019ta organlar\u0131n\u0131 ba\u011f\u0131\u015flayarak 6 cana umut olan Mert Y\u0131ld\u0131r\u0131m\u2019\u0131n cenaze namaz\u0131 k\u0131l\u0131nd\u0131. Tokat&#8217;ta organlar\u0131n\u0131 ba\u011f\u0131\u015flayarak 6 cana umut olan Mert Y\u0131ld\u0131r\u0131m&#8217;\u0131n cenaze namaz\u0131 k\u0131l\u0131nd\u0131. 21 ya\u015f\u0131ndaki gencin 6 ay \u00f6nce &#8220;Bana bir \u015fey olursa ihtiya\u00e7 sahipleri i\u00e7in organlar\u0131m\u0131 feda ederim&#8221; dedi\u011fi \u00f6\u011frenildi. 5 g\u00fcn \u00f6nce Tokat&#8217;\u0131n Erbaa il\u00e7esinde ge\u00e7irdi\u011fi trafik kazas\u0131nda a\u011f\u0131r yaralanarak Tokat Devlet [&hellip;]<\/p>\n","protected":false},"author":2,"featured_media":1048,"comment_status":"open","ping_status":"open","sticky":false,"template":"","format":"standard","meta":{"footnotes":""},"categories":[1],"tags":[],"class_list":["post-1047","post","type-post","status-publish","format-standard","has-post-thumbnail","hentry","category-turhal-haberleri"],"_links":{"self":[{"href":"https:\/\/www.turhalhakimiyet.com\/index.php\/wp-json\/wp\/v2\/posts\/1047","targetHints":{"allow":["GET"]}}],"collection":[{"href":"https:\/\/www.turhalhakimiyet.com\/index.php\/wp-json\/wp\/v2\/posts"}],"about":[{"href":"https:\/\/www.turhalhakimiyet.com\/index.php\/wp-json\/wp\/v2\/types\/post"}],"author":[{"embeddable":true,"href":"https:\/\/www.turhalhakimiyet.com\/index.php\/wp-json\/wp\/v2\/users\/2"}],"replies":[{"embeddable":true,"href":"https:\/\/www.turhalhakimiyet.com\/index.php\/wp-json\/wp\/v2\/comments?post=1047"}],"version-history":[{"count":1,"href":"https:\/\/www.turhalhakimiyet.com\/index.php\/wp-json\/wp\/v2\/posts\/1047\/revisions"}],"predecessor-version":[{"id":1049,"href":"https:\/\/www.turhalhakimiyet.com\/index.php\/wp-json\/wp\/v2\/posts\/1047\/revisions\/1049"}],"wp:featuredmedia":[{"embeddable":true,"href":"https:\/\/www.turhalhakimiyet.com\/index.php\/wp-json\/wp\/v2\/media\/1048"}],"wp:attachment":[{"href":"https:\/\/www.turhalhakimiyet.com\/index.php\/wp-json\/wp\/v2\/media?parent=1047"}],"wp:term":[{"taxonomy":"category","embeddable":true,"href":"https:\/\/www.turhalhakimiyet.com\/index.php\/wp-json\/wp\/v2\/categories?post=1047"},{"taxonomy":"post_tag","embeddable":true,"href":"https:\/\/www.turhalhakimiyet.com\/index.php\/wp-json\/wp\/v2\/tags?post=1047"}],"curies":[{"name":"wp","href":"https:\/\/api.w.org\/{rel}","templated":true}]}}