{"id":1050,"date":"2023-05-26T10:50:10","date_gmt":"2023-05-26T07:50:10","guid":{"rendered":"https:\/\/www.turhalhakimiyet.com\/?p=1050"},"modified":"2023-05-26T10:50:10","modified_gmt":"2023-05-26T07:50:10","slug":"piyasaya-surulmeden-jandarma-yakaladi","status":"publish","type":"post","link":"https:\/\/www.turhalhakimiyet.com\/index.php\/piyasaya-surulmeden-jandarma-yakaladi\/","title":{"rendered":"Piyasaya s\u00fcr\u00fclmeden Jandarma yakalad\u0131"},"content":{"rendered":"\n<h3 class=\"wp-block-heading\">Ka\u00e7ak tabancalar piyasaya s\u00fcr\u00fclmeden jandarma ekiplerince yakaland\u0131, 1 ki\u015fi hakk\u0131nda adli i\u015flem ba\u015flat\u0131ld\u0131.<\/h3>\n\n\n\n<p>Tokat \u0130l Jandarma Komutanl\u0131\u011f\u0131 ekiplerince y\u00fcr\u00fct\u00fclen istihbar\u0131 \u00e7al\u0131\u015fmalar sonucunda, E.Y. isimli \u015f\u00fcpheli \u015fahs\u0131n temin etti\u011fi ka\u00e7ak tabancalar\u0131, Erbaa il\u00e7e Merkezinden Tanoba Beldesine g\u00f6t\u00fcrerek piyasaya s\u00fcrece\u011fi bilgisine ula\u015f\u0131ld\u0131. Ge\u00e7ti\u011fimiz g\u00fcn \u00fczerine operasyon d\u00fczenlendi. E.Y&#8217;nin ikametine bask\u0131n d\u00fczenlendi. Yap\u0131lan aramada; 9mm ve 7,65 mm \u00e7ap\u0131nda 2 adet tabanca ile 6 adet 7,65 mm \u00e7ap\u0131nda fi\u015fek ele ge\u00e7irildi. \u015e\u00fcpheli \u015fah\u0131s ile ilgili adli i\u015flem ba\u015flat\u0131ld\u0131.<\/p>\n","protected":false},"excerpt":{"rendered":"<p>Ka\u00e7ak tabancalar piyasaya s\u00fcr\u00fclmeden jandarma ekiplerince yakaland\u0131, 1 ki\u015fi hakk\u0131nda adli i\u015flem ba\u015flat\u0131ld\u0131. Tokat \u0130l Jandarma Komutanl\u0131\u011f\u0131 ekiplerince y\u00fcr\u00fct\u00fclen istihbar\u0131 \u00e7al\u0131\u015fmalar sonucunda, E.Y. isimli \u015f\u00fcpheli \u015fahs\u0131n temin etti\u011fi ka\u00e7ak tabancalar\u0131, Erbaa il\u00e7e Merkezinden Tanoba Beldesine g\u00f6t\u00fcrerek piyasaya s\u00fcrece\u011fi bilgisine ula\u015f\u0131ld\u0131. Ge\u00e7ti\u011fimiz g\u00fcn \u00fczerine operasyon d\u00fczenlendi. E.Y&#8217;nin ikametine bask\u0131n d\u00fczenlendi. Yap\u0131lan aramada; 9mm ve 7,65 mm [&hellip;]<\/p>\n","protected":false},"author":2,"featured_media":1051,"comment_status":"open","ping_status":"open","sticky":false,"template":"","format":"standard","meta":{"footnotes":""},"categories":[1],"tags":[],"class_list":["post-1050","post","type-post","status-publish","format-standard","has-post-thumbnail","hentry","category-turhal-haberleri"],"_links":{"self":[{"href":"https:\/\/www.turhalhakimiyet.com\/index.php\/wp-json\/wp\/v2\/posts\/1050","targetHints":{"allow":["GET"]}}],"collection":[{"href":"https:\/\/www.turhalhakimiyet.com\/index.php\/wp-json\/wp\/v2\/posts"}],"about":[{"href":"https:\/\/www.turhalhakimiyet.com\/index.php\/wp-json\/wp\/v2\/types\/post"}],"author":[{"embeddable":true,"href":"https:\/\/www.turhalhakimiyet.com\/index.php\/wp-json\/wp\/v2\/users\/2"}],"replies":[{"embeddable":true,"href":"https:\/\/www.turhalhakimiyet.com\/index.php\/wp-json\/wp\/v2\/comments?post=1050"}],"version-history":[{"count":1,"href":"https:\/\/www.turhalhakimiyet.com\/index.php\/wp-json\/wp\/v2\/posts\/1050\/revisions"}],"predecessor-version":[{"id":1052,"href":"https:\/\/www.turhalhakimiyet.com\/index.php\/wp-json\/wp\/v2\/posts\/1050\/revisions\/1052"}],"wp:featuredmedia":[{"embeddable":true,"href":"https:\/\/www.turhalhakimiyet.com\/index.php\/wp-json\/wp\/v2\/media\/1051"}],"wp:attachment":[{"href":"https:\/\/www.turhalhakimiyet.com\/index.php\/wp-json\/wp\/v2\/media?parent=1050"}],"wp:term":[{"taxonomy":"category","embeddable":true,"href":"https:\/\/www.turhalhakimiyet.com\/index.php\/wp-json\/wp\/v2\/categories?post=1050"},{"taxonomy":"post_tag","embeddable":true,"href":"https:\/\/www.turhalhakimiyet.com\/index.php\/wp-json\/wp\/v2\/tags?post=1050"}],"curies":[{"name":"wp","href":"https:\/\/api.w.org\/{rel}","templated":true}]}}