{"id":1086,"date":"2023-06-12T09:36:54","date_gmt":"2023-06-12T06:36:54","guid":{"rendered":"https:\/\/www.turhalhakimiyet.com\/?p=1086"},"modified":"2023-06-12T09:36:54","modified_gmt":"2023-06-12T06:36:54","slug":"tokatta-saganak-hayati-olumsuz-etkiledi","status":"publish","type":"post","link":"https:\/\/www.turhalhakimiyet.com\/index.php\/tokatta-saganak-hayati-olumsuz-etkiledi\/","title":{"rendered":"Tokat&#8217;ta sa\u011fanak hayat\u0131 olumsuz etkiledi"},"content":{"rendered":"\n<h3 class=\"wp-block-heading\">Tokat\u2019\u0131n Niksar il\u00e7esinde etkili olan sa\u011fanak hayat\u0131 olumsuz etkiledi.<\/h3>\n\n\n\n<p>Tokat&#8217;\u0131n Niksar il\u00e7esinde etkili olan sa\u011fanak hayat\u0131 olumsuz etkiledi.<\/p>\n\n\n\n<p>Meteoroloji Genel M\u00fcd\u00fcrl\u00fc\u011f\u00fcn\u00fcn uyar\u0131s\u0131n\u0131n ard\u0131ndan Tokat merkez ile il\u00e7elerinde sa\u011fanak etkili oldu. Sa\u011fanak s\u00fcr\u00fcc\u00fclere zor anlar ya\u015fat\u0131rken il genelinde hayat\u0131 olumsuz etkiledi. Baz\u0131 b\u00f6lgelerde sa\u011fanak nedeniyle trafikte aksamalar oldu.<\/p>\n","protected":false},"excerpt":{"rendered":"<p>Tokat\u2019\u0131n Niksar il\u00e7esinde etkili olan sa\u011fanak hayat\u0131 olumsuz etkiledi. Tokat&#8217;\u0131n Niksar il\u00e7esinde etkili olan sa\u011fanak hayat\u0131 olumsuz etkiledi. Meteoroloji Genel M\u00fcd\u00fcrl\u00fc\u011f\u00fcn\u00fcn uyar\u0131s\u0131n\u0131n ard\u0131ndan Tokat merkez ile il\u00e7elerinde sa\u011fanak etkili oldu. Sa\u011fanak s\u00fcr\u00fcc\u00fclere zor anlar ya\u015fat\u0131rken il genelinde hayat\u0131 olumsuz etkiledi. Baz\u0131 b\u00f6lgelerde sa\u011fanak nedeniyle trafikte aksamalar oldu.<\/p>\n","protected":false},"author":2,"featured_media":1087,"comment_status":"open","ping_status":"open","sticky":false,"template":"","format":"standard","meta":{"footnotes":""},"categories":[1],"tags":[],"class_list":["post-1086","post","type-post","status-publish","format-standard","has-post-thumbnail","hentry","category-turhal-haberleri"],"_links":{"self":[{"href":"https:\/\/www.turhalhakimiyet.com\/index.php\/wp-json\/wp\/v2\/posts\/1086","targetHints":{"allow":["GET"]}}],"collection":[{"href":"https:\/\/www.turhalhakimiyet.com\/index.php\/wp-json\/wp\/v2\/posts"}],"about":[{"href":"https:\/\/www.turhalhakimiyet.com\/index.php\/wp-json\/wp\/v2\/types\/post"}],"author":[{"embeddable":true,"href":"https:\/\/www.turhalhakimiyet.com\/index.php\/wp-json\/wp\/v2\/users\/2"}],"replies":[{"embeddable":true,"href":"https:\/\/www.turhalhakimiyet.com\/index.php\/wp-json\/wp\/v2\/comments?post=1086"}],"version-history":[{"count":1,"href":"https:\/\/www.turhalhakimiyet.com\/index.php\/wp-json\/wp\/v2\/posts\/1086\/revisions"}],"predecessor-version":[{"id":1088,"href":"https:\/\/www.turhalhakimiyet.com\/index.php\/wp-json\/wp\/v2\/posts\/1086\/revisions\/1088"}],"wp:featuredmedia":[{"embeddable":true,"href":"https:\/\/www.turhalhakimiyet.com\/index.php\/wp-json\/wp\/v2\/media\/1087"}],"wp:attachment":[{"href":"https:\/\/www.turhalhakimiyet.com\/index.php\/wp-json\/wp\/v2\/media?parent=1086"}],"wp:term":[{"taxonomy":"category","embeddable":true,"href":"https:\/\/www.turhalhakimiyet.com\/index.php\/wp-json\/wp\/v2\/categories?post=1086"},{"taxonomy":"post_tag","embeddable":true,"href":"https:\/\/www.turhalhakimiyet.com\/index.php\/wp-json\/wp\/v2\/tags?post=1086"}],"curies":[{"name":"wp","href":"https:\/\/api.w.org\/{rel}","templated":true}]}}