{"id":1092,"date":"2023-06-14T10:58:31","date_gmt":"2023-06-14T07:58:31","guid":{"rendered":"https:\/\/www.turhalhakimiyet.com\/?p=1092"},"modified":"2023-06-14T10:58:31","modified_gmt":"2023-06-14T07:58:31","slug":"madimak-bu-yil-sevenlerinin-yuzunu-guldurecek","status":"publish","type":"post","link":"https:\/\/www.turhalhakimiyet.com\/index.php\/madimak-bu-yil-sevenlerinin-yuzunu-guldurecek\/","title":{"rendered":"Mad\u0131mak bu y\u0131l sevenlerinin y\u00fcz\u00fcn\u00fc g\u00fcld\u00fcrecek"},"content":{"rendered":"\n<h3 class=\"wp-block-heading\">Tokat\u2019\u0131n mad\u0131mak yeti\u015ftiricili\u011fi ile \u00fcnl\u00fc Be\u015f\u00f6ren k\u00f6y\u00fcnde bu y\u0131l yap\u0131lan hasat \u00e7ift\u00e7inin y\u00fcz\u00fcn\u00fc g\u00fcld\u00fcrecek.<\/h3>\n\n\n\n<p>Tokat&#8217;\u0131n mad\u0131mak yeti\u015ftiricili\u011fi ile \u00fcnl\u00fc Be\u015f\u00f6ren k\u00f6y\u00fcnde bu y\u0131l yap\u0131lan hasat \u00e7ift\u00e7inin y\u00fcz\u00fcn\u00fc g\u00fcld\u00fcrecek.<\/p>\n\n\n\n<p>Tokat merkeze ba\u011fl\u0131 Be\u015f\u00f6ren k\u00f6y\u00fcnde \u00e7ift\u00e7iler ge\u00e7imini mad\u0131mak bitkisinden sa\u011fl\u0131yor. 100 d\u00f6n\u00fcm\u00fcn \u00fczerinde tarla mad\u0131mak ekilerek, Be\u015f\u00f6ren k\u00f6yl\u00fclerine ge\u00e7im kayna\u011f\u0131 oluyor. 130 hanenin bulundu\u011fu k\u00f6yde her evin bah\u00e7esinde mad\u0131mak yeti\u015ftiricili\u011fi yap\u0131l\u0131yor. Mad\u0131mak yeti\u015ftiricili\u011fi yaparak ge\u00e7imini sa\u011flayan k\u00f6yl\u00fcler, mad\u0131maktan kazand\u0131klar\u0131 paradan memnun olduklar\u0131n\u0131 belirtiyor. Ankara, \u0130stanbul, \u0130zmir gibi illerde kendisine al\u0131c\u0131 bulan mad\u0131mak, ya\u011f\u0131\u015f \u00e7ok olmas\u0131ndan dolay\u0131 verim a\u00e7\u0131s\u0131ndan bu y\u0131l \u00e7ift\u00e7inin y\u00fcz\u00fcn\u00fc g\u00fcld\u00fcrd\u00fc. \u0130llere ve bir\u00e7ok \u00e7evre k\u00f6ye sat\u0131\u015f\u0131 yap\u0131lan mad\u0131mak kurutularak kavanoz i\u00e7erisinde muhafaza ediliyor. Ya\u011f\u0131\u015flar\u0131n \u00e7ok olmas\u0131ndan dolay\u0131 bu y\u0131l ki hasad\u0131n 60 ton olmas\u0131 bekleniyorken Mad\u0131mak tarlada kilosu 30-35 lira aras\u0131ndan al\u0131c\u0131 buluyor.<\/p>\n\n\n\n<p>Mad\u0131mak, Sivas, Amasya ve Tokat y\u00f6relerinde yeti\u015fen bir bitkidir. Mad\u0131mak bitkisinin antioksidan \u00f6zelli\u011fi bulunuyorken kan \u015fekerini d\u00fczenleme ve idrar s\u00f6kt\u00fcr\u00fcc\u00fc \u00f6zelli\u011fiyle sa\u011fl\u0131\u011fa faydalar\u0131 saymakla bitmiyor. Sivas, Tokat ve Amasya b\u00f6lgesinde yeti\u015fen mad\u0131mak, sofralara yemek, \u00e7orba, b\u00f6rek ve \u00e7ay olarak sunulabilir.<\/p>\n\n\n\n<p>&#8220;Bu y\u0131l ki hasad\u0131 60 ton olarak bekliyoruz&#8221;<\/p>\n\n\n\n<p>Bu sezon mad\u0131mak hasad\u0131n\u0131n 60 ton olaca\u011f\u0131n\u0131 belirten k\u00f6y muhtar\u0131 S\u00fcleyman Sansar, &#8220;Mad\u0131mak, bu y\u00f6re i\u00e7in \u00e7ok \u00f6nemlidir. Benim k\u00f6y\u00fcm i\u00e7inse daha \u00e7ok \u00f6nemlidir. K\u00f6y\u00fcm\u00fcn y\u00fczde 50&#8242; si mad\u0131maktan ge\u00e7im sa\u011fl\u0131yor. K\u00f6y\u00fcm\u00fczde g\u00fcnde 3 tona yak\u0131n mad\u0131mak \u00e7\u0131kt\u0131\u011f\u0131 oluyor. Biz mad\u0131maklar\u0131 tokat merkez ba\u015fta olmak \u00fczere \u0130stanbul ve Ankara&#8217;ya g\u00f6nderiyoruz. Bu y\u0131l ya\u011f\u0131\u015flar \u00e7ok oldu\u011fu i\u00e7in hasad\u0131m\u0131z verimli ge\u00e7iyor, ancak ya\u011fmurdan dolay\u0131 rand\u0131manl\u0131 \u015fekilde ilerleyemiyoruz. Mad\u0131mak ya\u011fmuru seven bir bitkidir. Bu y\u0131l ki hasad\u0131 60 ton olarak bekliyoruz. K\u00f6y\u00fcm\u00fcz\u00fcn y\u00fczde 50&#8217;ye yak\u0131n\u0131 mad\u0131maktan ge\u00e7im sa\u011flad\u0131\u011f\u0131 i\u00e7in her evin bah\u00e7esinde k\u00fc\u00e7\u00fck de olsa mad\u0131mak tarlas\u0131 bulunuyor. Bu y\u0131l fiyatlar\u0131m\u0131z iyi kilo ba\u015f\u0131 35 liran\u0131n alt\u0131na d\u00fc\u015fmedik. Ancak mad\u0131ma\u011f\u0131n zahmeti fazla toplanmadan \u00f6nce otu al\u0131n\u0131yor. \u015eu anki mad\u0131maklar\u0131n g\u00fcbresi de bulunmuyor, tamam\u0131yla do\u011fal \u00fcretim. Bunlardan dolay\u0131 da giderlerimiz oluyor. Buradan \u00e7\u0131kan mad\u0131maklar\u0131n paketleme i\u015flemi de do\u011fal k\u00f6yde oldu\u011fu gibi oluyor, kavanozlara koyulup m\u00fc\u015fteriye sunuluyor&#8221; \u015feklinde konu\u015ftu.<\/p>\n","protected":false},"excerpt":{"rendered":"<p>Tokat\u2019\u0131n mad\u0131mak yeti\u015ftiricili\u011fi ile \u00fcnl\u00fc Be\u015f\u00f6ren k\u00f6y\u00fcnde bu y\u0131l yap\u0131lan hasat \u00e7ift\u00e7inin y\u00fcz\u00fcn\u00fc g\u00fcld\u00fcrecek. Tokat&#8217;\u0131n mad\u0131mak yeti\u015ftiricili\u011fi ile \u00fcnl\u00fc Be\u015f\u00f6ren k\u00f6y\u00fcnde bu y\u0131l yap\u0131lan hasat \u00e7ift\u00e7inin y\u00fcz\u00fcn\u00fc g\u00fcld\u00fcrecek. Tokat merkeze ba\u011fl\u0131 Be\u015f\u00f6ren k\u00f6y\u00fcnde \u00e7ift\u00e7iler ge\u00e7imini mad\u0131mak bitkisinden sa\u011fl\u0131yor. 100 d\u00f6n\u00fcm\u00fcn \u00fczerinde tarla mad\u0131mak ekilerek, Be\u015f\u00f6ren k\u00f6yl\u00fclerine ge\u00e7im kayna\u011f\u0131 oluyor. 130 hanenin bulundu\u011fu k\u00f6yde her evin [&hellip;]<\/p>\n","protected":false},"author":2,"featured_media":1093,"comment_status":"open","ping_status":"open","sticky":false,"template":"","format":"standard","meta":{"footnotes":""},"categories":[1],"tags":[],"class_list":["post-1092","post","type-post","status-publish","format-standard","has-post-thumbnail","hentry","category-turhal-haberleri"],"_links":{"self":[{"href":"https:\/\/www.turhalhakimiyet.com\/index.php\/wp-json\/wp\/v2\/posts\/1092","targetHints":{"allow":["GET"]}}],"collection":[{"href":"https:\/\/www.turhalhakimiyet.com\/index.php\/wp-json\/wp\/v2\/posts"}],"about":[{"href":"https:\/\/www.turhalhakimiyet.com\/index.php\/wp-json\/wp\/v2\/types\/post"}],"author":[{"embeddable":true,"href":"https:\/\/www.turhalhakimiyet.com\/index.php\/wp-json\/wp\/v2\/users\/2"}],"replies":[{"embeddable":true,"href":"https:\/\/www.turhalhakimiyet.com\/index.php\/wp-json\/wp\/v2\/comments?post=1092"}],"version-history":[{"count":1,"href":"https:\/\/www.turhalhakimiyet.com\/index.php\/wp-json\/wp\/v2\/posts\/1092\/revisions"}],"predecessor-version":[{"id":1094,"href":"https:\/\/www.turhalhakimiyet.com\/index.php\/wp-json\/wp\/v2\/posts\/1092\/revisions\/1094"}],"wp:featuredmedia":[{"embeddable":true,"href":"https:\/\/www.turhalhakimiyet.com\/index.php\/wp-json\/wp\/v2\/media\/1093"}],"wp:attachment":[{"href":"https:\/\/www.turhalhakimiyet.com\/index.php\/wp-json\/wp\/v2\/media?parent=1092"}],"wp:term":[{"taxonomy":"category","embeddable":true,"href":"https:\/\/www.turhalhakimiyet.com\/index.php\/wp-json\/wp\/v2\/categories?post=1092"},{"taxonomy":"post_tag","embeddable":true,"href":"https:\/\/www.turhalhakimiyet.com\/index.php\/wp-json\/wp\/v2\/tags?post=1092"}],"curies":[{"name":"wp","href":"https:\/\/api.w.org\/{rel}","templated":true}]}}