{"id":1110,"date":"2023-06-21T10:29:43","date_gmt":"2023-06-21T07:29:43","guid":{"rendered":"https:\/\/www.turhalhakimiyet.com\/?p=1110"},"modified":"2023-06-21T10:29:43","modified_gmt":"2023-06-21T07:29:43","slug":"saganak-sele-neden-oldu-okul-bahcesi-selaleye-dondu","status":"publish","type":"post","link":"https:\/\/www.turhalhakimiyet.com\/index.php\/saganak-sele-neden-oldu-okul-bahcesi-selaleye-dondu\/","title":{"rendered":"Sa\u011fanak sele neden oldu, okul bah\u00e7esi \u015felaleye d\u00f6nd\u00fc"},"content":{"rendered":"\n<h3 class=\"wp-block-heading\">Tokat\u2019ta etkili olan sa\u011fanak ya\u011f\u0131\u015f k\u0131rsalda sele neden oldu, okul bah\u00e7esi \u015felaleye d\u00f6nd\u00fc.<\/h3>\n\n\n\n<p>Tokat&#8217;ta etkili olan sa\u011fanak ya\u011f\u0131\u015f k\u0131rsalda sele neden oldu, okul bah\u00e7esi \u015felaleye d\u00f6nd\u00fc.<\/p>\n\n\n\n<p>Meteoroloji genel m\u00fcd\u00fcrl\u00fc\u011f\u00fcn\u00fcn uyar\u0131s\u0131n\u0131n ard\u0131ndan Tokat&#8217;ta ge\u00e7ti\u011fimiz g\u00fcnden itibaren sa\u011fanak ya\u011f\u0131\u015f aral\u0131klarla etkisini g\u00f6sterdi. Ge\u00e7ti\u011fimiz g\u00fcn Tokat merkez ve Turhal il\u00e7e merkezinde sele neden olan sa\u011fanak ya\u011f\u0131\u015f, bug\u00fcn ise k\u0131rsal kesimde etkisini g\u00f6sterdi. Turhal&#8217;a ba\u011fl\u0131 Yenik\u00f6y ve Bah\u00e7eba\u015f\u0131 k\u00f6ylerinde etkili olan sa\u011fanak ya\u011f\u0131\u015f sele neden oldu. K\u00f6y merkezlerinde olu\u015fan sel, kald\u0131r\u0131m ta\u015flar\u0131n\u0131n s\u00f6k\u00fclmesine neden oldu. Bah\u00e7eba\u015f\u0131 k\u00f6y\u00fcnde olu\u015fan sel sonucunda ya\u011fmur sular\u0131 \u015eehit Erdal Akkaya \u0130lkokulunun bah\u00e7esine doldu. Dolan sular okulun bah\u00e7esinden anayola \u015felale gibi akmaya ba\u015flad\u0131, o anlar k\u00f6y sakini taraf\u0131ndan cep telefonu kameras\u0131yla kay\u0131t edildi.<\/p>\n","protected":false},"excerpt":{"rendered":"<p>Tokat\u2019ta etkili olan sa\u011fanak ya\u011f\u0131\u015f k\u0131rsalda sele neden oldu, okul bah\u00e7esi \u015felaleye d\u00f6nd\u00fc. Tokat&#8217;ta etkili olan sa\u011fanak ya\u011f\u0131\u015f k\u0131rsalda sele neden oldu, okul bah\u00e7esi \u015felaleye d\u00f6nd\u00fc. Meteoroloji genel m\u00fcd\u00fcrl\u00fc\u011f\u00fcn\u00fcn uyar\u0131s\u0131n\u0131n ard\u0131ndan Tokat&#8217;ta ge\u00e7ti\u011fimiz g\u00fcnden itibaren sa\u011fanak ya\u011f\u0131\u015f aral\u0131klarla etkisini g\u00f6sterdi. Ge\u00e7ti\u011fimiz g\u00fcn Tokat merkez ve Turhal il\u00e7e merkezinde sele neden olan sa\u011fanak ya\u011f\u0131\u015f, bug\u00fcn ise [&hellip;]<\/p>\n","protected":false},"author":2,"featured_media":1111,"comment_status":"open","ping_status":"open","sticky":false,"template":"","format":"standard","meta":{"footnotes":""},"categories":[1],"tags":[],"class_list":["post-1110","post","type-post","status-publish","format-standard","has-post-thumbnail","hentry","category-turhal-haberleri"],"_links":{"self":[{"href":"https:\/\/www.turhalhakimiyet.com\/index.php\/wp-json\/wp\/v2\/posts\/1110","targetHints":{"allow":["GET"]}}],"collection":[{"href":"https:\/\/www.turhalhakimiyet.com\/index.php\/wp-json\/wp\/v2\/posts"}],"about":[{"href":"https:\/\/www.turhalhakimiyet.com\/index.php\/wp-json\/wp\/v2\/types\/post"}],"author":[{"embeddable":true,"href":"https:\/\/www.turhalhakimiyet.com\/index.php\/wp-json\/wp\/v2\/users\/2"}],"replies":[{"embeddable":true,"href":"https:\/\/www.turhalhakimiyet.com\/index.php\/wp-json\/wp\/v2\/comments?post=1110"}],"version-history":[{"count":1,"href":"https:\/\/www.turhalhakimiyet.com\/index.php\/wp-json\/wp\/v2\/posts\/1110\/revisions"}],"predecessor-version":[{"id":1112,"href":"https:\/\/www.turhalhakimiyet.com\/index.php\/wp-json\/wp\/v2\/posts\/1110\/revisions\/1112"}],"wp:featuredmedia":[{"embeddable":true,"href":"https:\/\/www.turhalhakimiyet.com\/index.php\/wp-json\/wp\/v2\/media\/1111"}],"wp:attachment":[{"href":"https:\/\/www.turhalhakimiyet.com\/index.php\/wp-json\/wp\/v2\/media?parent=1110"}],"wp:term":[{"taxonomy":"category","embeddable":true,"href":"https:\/\/www.turhalhakimiyet.com\/index.php\/wp-json\/wp\/v2\/categories?post=1110"},{"taxonomy":"post_tag","embeddable":true,"href":"https:\/\/www.turhalhakimiyet.com\/index.php\/wp-json\/wp\/v2\/tags?post=1110"}],"curies":[{"name":"wp","href":"https:\/\/api.w.org\/{rel}","templated":true}]}}