{"id":1113,"date":"2023-06-26T09:55:49","date_gmt":"2023-06-26T06:55:49","guid":{"rendered":"https:\/\/www.turhalhakimiyet.com\/?p=1113"},"modified":"2023-06-26T09:55:49","modified_gmt":"2023-06-26T06:55:49","slug":"tokatta-otomobil-ile-kamyon-kafa-kafaya-carpisti-3-olu-2-agir-yarali","status":"publish","type":"post","link":"https:\/\/www.turhalhakimiyet.com\/index.php\/tokatta-otomobil-ile-kamyon-kafa-kafaya-carpisti-3-olu-2-agir-yarali\/","title":{"rendered":"Tokat&#8217;ta otomobil ile kamyon kafa kafaya \u00e7arp\u0131\u015ft\u0131: 3 \u00f6l\u00fc, 2 a\u011f\u0131r yaral\u0131"},"content":{"rendered":"\n<h3 class=\"wp-block-heading\">Tokat\u2019ta otomobil ile kamyonun kafa kafaya \u00e7arp\u0131\u015fmas\u0131 sonucu meydana gelen trafik kazas\u0131nda ayn\u0131 aileden 3 ki\u015fi \u00f6ld\u00fc, 2 ki\u015fi ise a\u011f\u0131r yaraland\u0131.<\/h3>\n\n\n\n<p>Tokat&#8217;ta otomobil ile kamyonun kafa kafaya \u00e7arp\u0131\u015fmas\u0131 sonucu meydana gelen trafik kazas\u0131nda ayn\u0131 aileden 3 ki\u015fi \u00f6ld\u00fc, 2 ki\u015fi ise a\u011f\u0131r yaraland\u0131.<\/p>\n\n\n\n<p>Kaza, Tokat-Almus yolu Serince mevkiinde meydana geldi. Tokat istikametine giden K.Y. idaresindeki 58 ABA 648 plakal\u0131 otomobil ile kar\u015f\u0131 y\u00f6nden gelen M.S. idaresindeki 60 HG 011 plakal\u0131 kamyon kafa kafaya \u00e7arp\u0131\u015ft\u0131. \u00c7arp\u0131\u015fan\u0131n\u0131n etkisiyle otomobil hurdaya d\u00f6nerken kamyon ise devrildi. Kazada otomobil i\u00e7erisinde bulunan anne \u015e.Y. (34), \u00e7ocuklar\u0131 B.E.Y.(12) ve E.M.Y.(6) olay yerinde hayat\u0131n\u0131 kaybetti. Ara\u00e7 s\u00fcr\u00fcc\u00fcleri ise a\u011f\u0131r yaraland\u0131. Durumun bildirilmesi \u00fczerine olay yerine sa\u011fl\u0131k, jandarma ve itfaiye ekipleri sevk edildi. Kaza ile ilgili soru\u015fturma ba\u015flat\u0131ld\u0131.<\/p>\n","protected":false},"excerpt":{"rendered":"<p>Tokat\u2019ta otomobil ile kamyonun kafa kafaya \u00e7arp\u0131\u015fmas\u0131 sonucu meydana gelen trafik kazas\u0131nda ayn\u0131 aileden 3 ki\u015fi \u00f6ld\u00fc, 2 ki\u015fi ise a\u011f\u0131r yaraland\u0131. Tokat&#8217;ta otomobil ile kamyonun kafa kafaya \u00e7arp\u0131\u015fmas\u0131 sonucu meydana gelen trafik kazas\u0131nda ayn\u0131 aileden 3 ki\u015fi \u00f6ld\u00fc, 2 ki\u015fi ise a\u011f\u0131r yaraland\u0131. Kaza, Tokat-Almus yolu Serince mevkiinde meydana geldi. Tokat istikametine giden K.Y. [&hellip;]<\/p>\n","protected":false},"author":2,"featured_media":1114,"comment_status":"open","ping_status":"open","sticky":false,"template":"","format":"standard","meta":{"footnotes":""},"categories":[1],"tags":[],"class_list":["post-1113","post","type-post","status-publish","format-standard","has-post-thumbnail","hentry","category-turhal-haberleri"],"_links":{"self":[{"href":"https:\/\/www.turhalhakimiyet.com\/index.php\/wp-json\/wp\/v2\/posts\/1113","targetHints":{"allow":["GET"]}}],"collection":[{"href":"https:\/\/www.turhalhakimiyet.com\/index.php\/wp-json\/wp\/v2\/posts"}],"about":[{"href":"https:\/\/www.turhalhakimiyet.com\/index.php\/wp-json\/wp\/v2\/types\/post"}],"author":[{"embeddable":true,"href":"https:\/\/www.turhalhakimiyet.com\/index.php\/wp-json\/wp\/v2\/users\/2"}],"replies":[{"embeddable":true,"href":"https:\/\/www.turhalhakimiyet.com\/index.php\/wp-json\/wp\/v2\/comments?post=1113"}],"version-history":[{"count":1,"href":"https:\/\/www.turhalhakimiyet.com\/index.php\/wp-json\/wp\/v2\/posts\/1113\/revisions"}],"predecessor-version":[{"id":1115,"href":"https:\/\/www.turhalhakimiyet.com\/index.php\/wp-json\/wp\/v2\/posts\/1113\/revisions\/1115"}],"wp:featuredmedia":[{"embeddable":true,"href":"https:\/\/www.turhalhakimiyet.com\/index.php\/wp-json\/wp\/v2\/media\/1114"}],"wp:attachment":[{"href":"https:\/\/www.turhalhakimiyet.com\/index.php\/wp-json\/wp\/v2\/media?parent=1113"}],"wp:term":[{"taxonomy":"category","embeddable":true,"href":"https:\/\/www.turhalhakimiyet.com\/index.php\/wp-json\/wp\/v2\/categories?post=1113"},{"taxonomy":"post_tag","embeddable":true,"href":"https:\/\/www.turhalhakimiyet.com\/index.php\/wp-json\/wp\/v2\/tags?post=1113"}],"curies":[{"name":"wp","href":"https:\/\/api.w.org\/{rel}","templated":true}]}}