{"id":1137,"date":"2023-07-10T09:56:44","date_gmt":"2023-07-10T06:56:44","guid":{"rendered":"https:\/\/www.turhalhakimiyet.com\/?p=1137"},"modified":"2023-07-10T09:56:44","modified_gmt":"2023-07-10T06:56:44","slug":"esi-tarafindan-oldurulen-kadin-ve-annesi-tokatta-topraga-verildi","status":"publish","type":"post","link":"https:\/\/www.turhalhakimiyet.com\/index.php\/esi-tarafindan-oldurulen-kadin-ve-annesi-tokatta-topraga-verildi\/","title":{"rendered":"E\u015fi taraf\u0131ndan \u00f6ld\u00fcr\u00fclen kad\u0131n ve annesi Tokat\u2019ta topra\u011fa verildi"},"content":{"rendered":"\n<p>\u0130stanbul\u2019da \u00e7\u0131kan kavgada e\u015fi taraf\u0131ndan \u00f6ld\u00fcr\u00fclen kad\u0131n ve annesi, Tokat\u2019ta son yolculuklar\u0131na u\u011furland\u0131.<\/p>\n\n\n\n<p>Ge\u00e7ti\u011fimiz g\u00fcnlerde \u0130stanbul\u2019un Sar\u0131yer il\u00e7esinde E.\u015e., e\u015fi Nazl\u0131 \u015eahin ile tart\u0131\u015ft\u0131. Tart\u0131\u015fman\u0131n b\u00fcy\u00fcmesi \u00fczerine sesleri duyan Salime \u015eahin, kavgay\u0131 ay\u0131rmak \u00fczere damad\u0131n\u0131n evine gitti. Kavga daha da \u015fiddetlenirken, cinnet getiren E.\u015e. e\u015fi Nazl\u0131 \u015eahin ve kay\u0131nvalidesi Salime \u015eahin\u2019i av t\u00fcfe\u011fiyle vurdu. E\u015fi ve kay\u0131nvalidesini \u00f6ld\u00fcren E.\u015e., ayn\u0131 silahla intihar etti. Olay yerinde hayat\u0131n\u0131 kaybeden Nazl\u0131 ve Salime \u015eahin\u2019in cenazeleri, yap\u0131lan otopsinin ard\u0131ndan defnedilmek \u00fczere memleketleri Tokat\u2019\u0131n Re\u015fadiye il\u00e7esine getirildi. Anne ve k\u0131z\u0131 i\u00e7in Re\u015fadiye il\u00e7esinin Muratkaya k\u00f6y\u00fcnde cenaze namaz\u0131 k\u0131l\u0131nd\u0131. Cenaze namaz\u0131na hayat\u0131n\u0131 kaybeden anne ve k\u0131z\u0131n yak\u0131nlar\u0131 ve sevenleri kat\u0131ld\u0131. K\u0131l\u0131nan cenaze namaz\u0131n\u0131n ard\u0131ndan anne ve k\u0131z\u0131 topra\u011fa verildi.<\/p>\n\n\n\n<p><a rel=\"noreferrer noopener\" href=\"https:\/\/www.facebook.com\/sharer.php?u=https:\/\/www.iha.com.tr\/tokat-haberleri\/esi-tarafindan-oldurulen-kadin-ve-annesi-tokatta-topraga-verildi-4762960&amp;text=E%C5%9Fi%20taraf%C4%B1ndan%20%C3%B6ld%C3%BCr%C3%BClen%20kad%C4%B1n%20ve%20annesi%20Tokat%E2%80%99ta%20topra%C4%9Fa%20verildi&amp;via=\" target=\"_blank\"><\/a><a rel=\"noreferrer noopener\" href=\"https:\/\/twitter.com\/intent\/tweet?url=https:\/\/www.iha.com.tr\/tokat-haberleri\/esi-tarafindan-oldurulen-kadin-ve-annesi-tokatta-topraga-verildi-4762960&amp;text=E%C5%9Fi%20taraf%C4%B1ndan%20%C3%B6ld%C3%BCr%C3%BClen%20kad%C4%B1n%20ve%20annesi%20Tokat%E2%80%99ta%20topra%C4%9Fa%20verildi\" target=\"_blank\"><\/a><a rel=\"noreferrer noopener\" href=\"\/\/www.iha.com.tr\/tokat-haberleri\/esi-tarafindan-oldurulen-kadin-ve-annesi-tokatta-topraga-verildi-4762960\" target=\"_blank\"><\/a><a rel=\"noreferrer noopener\" href=\"mailto:?&amp;body=https:\/\/www.iha.com.tr\/tokat-haberleri\/esi-tarafindan-oldurulen-kadin-ve-annesi-tokatta-topraga-verildi-4762960&amp;subject=E%C5%9Fi%20taraf%C4%B1ndan%20%C3%B6ld%C3%BCr%C3%BClen%20kad%C4%B1n%20ve%20annesi%20Tokat%E2%80%99ta%20topra%C4%9Fa%20verildi\" target=\"_blank\"><\/a><a rel=\"noreferrer noopener\" href=\"https:\/\/telegram.me\/share\/url?url=https:\/\/www.iha.com.tr\/tokat-haberleri\/esi-tarafindan-oldurulen-kadin-ve-annesi-tokatta-topraga-verildi-4762960&amp;text=E%C5%9Fi%20taraf%C4%B1ndan%20%C3%B6ld%C3%BCr%C3%BClen%20kad%C4%B1n%20ve%20annesi%20Tokat%E2%80%99ta%20topra%C4%9Fa%20verildi\" target=\"_blank\"><\/a><a rel=\"noreferrer noopener\" href=\"https:\/\/www.linkedin.com\/shareArticle?url=https:\/\/www.iha.com.tr\/tokat-haberleri\/esi-tarafindan-oldurulen-kadin-ve-annesi-tokatta-topraga-verildi-4762960&amp;title=E%C5%9Fi%20taraf%C4%B1ndan%20%C3%B6ld%C3%BCr%C3%BClen%20kad%C4%B1n%20ve%20annesi%20Tokat%E2%80%99ta%20topra%C4%9Fa%20verildi\" target=\"_blank\"><\/a><\/p>\n","protected":false},"excerpt":{"rendered":"<p>\u0130stanbul\u2019da \u00e7\u0131kan kavgada e\u015fi taraf\u0131ndan \u00f6ld\u00fcr\u00fclen kad\u0131n ve annesi, Tokat\u2019ta son yolculuklar\u0131na u\u011furland\u0131. Ge\u00e7ti\u011fimiz g\u00fcnlerde \u0130stanbul\u2019un Sar\u0131yer il\u00e7esinde E.\u015e., e\u015fi Nazl\u0131 \u015eahin ile tart\u0131\u015ft\u0131. Tart\u0131\u015fman\u0131n b\u00fcy\u00fcmesi \u00fczerine sesleri duyan Salime \u015eahin, kavgay\u0131 ay\u0131rmak \u00fczere damad\u0131n\u0131n evine gitti. Kavga daha da \u015fiddetlenirken, cinnet getiren E.\u015e. e\u015fi Nazl\u0131 \u015eahin ve kay\u0131nvalidesi Salime \u015eahin\u2019i av t\u00fcfe\u011fiyle vurdu. E\u015fi [&hellip;]<\/p>\n","protected":false},"author":2,"featured_media":1138,"comment_status":"open","ping_status":"open","sticky":false,"template":"","format":"standard","meta":{"footnotes":""},"categories":[1],"tags":[],"class_list":["post-1137","post","type-post","status-publish","format-standard","has-post-thumbnail","hentry","category-turhal-haberleri"],"_links":{"self":[{"href":"https:\/\/www.turhalhakimiyet.com\/index.php\/wp-json\/wp\/v2\/posts\/1137","targetHints":{"allow":["GET"]}}],"collection":[{"href":"https:\/\/www.turhalhakimiyet.com\/index.php\/wp-json\/wp\/v2\/posts"}],"about":[{"href":"https:\/\/www.turhalhakimiyet.com\/index.php\/wp-json\/wp\/v2\/types\/post"}],"author":[{"embeddable":true,"href":"https:\/\/www.turhalhakimiyet.com\/index.php\/wp-json\/wp\/v2\/users\/2"}],"replies":[{"embeddable":true,"href":"https:\/\/www.turhalhakimiyet.com\/index.php\/wp-json\/wp\/v2\/comments?post=1137"}],"version-history":[{"count":1,"href":"https:\/\/www.turhalhakimiyet.com\/index.php\/wp-json\/wp\/v2\/posts\/1137\/revisions"}],"predecessor-version":[{"id":1139,"href":"https:\/\/www.turhalhakimiyet.com\/index.php\/wp-json\/wp\/v2\/posts\/1137\/revisions\/1139"}],"wp:featuredmedia":[{"embeddable":true,"href":"https:\/\/www.turhalhakimiyet.com\/index.php\/wp-json\/wp\/v2\/media\/1138"}],"wp:attachment":[{"href":"https:\/\/www.turhalhakimiyet.com\/index.php\/wp-json\/wp\/v2\/media?parent=1137"}],"wp:term":[{"taxonomy":"category","embeddable":true,"href":"https:\/\/www.turhalhakimiyet.com\/index.php\/wp-json\/wp\/v2\/categories?post=1137"},{"taxonomy":"post_tag","embeddable":true,"href":"https:\/\/www.turhalhakimiyet.com\/index.php\/wp-json\/wp\/v2\/tags?post=1137"}],"curies":[{"name":"wp","href":"https:\/\/api.w.org\/{rel}","templated":true}]}}