{"id":1158,"date":"2023-07-19T09:25:03","date_gmt":"2023-07-19T06:25:03","guid":{"rendered":"https:\/\/www.turhalhakimiyet.com\/?p=1158"},"modified":"2023-07-19T09:25:03","modified_gmt":"2023-07-19T06:25:03","slug":"bir-anda-motor-kismindan-duman-yukseldi-faciadan-donuldu","status":"publish","type":"post","link":"https:\/\/www.turhalhakimiyet.com\/index.php\/bir-anda-motor-kismindan-duman-yukseldi-faciadan-donuldu\/","title":{"rendered":"Bir anda motor k\u0131sm\u0131ndan duman y\u00fckseldi, faciadan d\u00f6n\u00fcld\u00fc"},"content":{"rendered":"\n<p>Tokat\u2019\u0131n Turhal il\u00e7esinde hareket halindeki arac\u0131n motor k\u0131sm\u0131ndan \u00e7\u0131kan duman itfaiye ekiplerini harekete ge\u00e7irdi.<\/p>\n\n\n\n<p>Edinilen bilgiye g\u00f6re yang\u0131n Tokat\u2019\u0131n Turhal il\u00e7esine ba\u011fl\u0131 Cumhuriyet Mahallesi Onur Sokak\u2019ta meydana geldi. Arac\u0131 ile hareket halindeyken arac\u0131n motor k\u0131sm\u0131ndan dumanlar\u0131n y\u00fckseldi\u011fini fark eden ara\u00e7 s\u00fcr\u00fcc\u00fcs\u00fc arac\u0131n\u0131 durdurdu. \u0130lk m\u00fcdahale \u00e7evredeki vatanda\u015flar taraf\u0131ndan yap\u0131ld\u0131. Daha sonra \u00e7evrede bulunan vatanda\u015flar Turhal Belediyesi itfayiye ekiplerine haber verdi. Olay yerine gelen itfaiye ekipleri yang\u0131na m\u00fcdahale etti. Yang\u0131n b\u00fcy\u00fcmeden itfaiye ekipleri taraf\u0131ndan b\u00fcy\u00fcmeden k\u0131sa s\u00fcrede s\u00f6nd\u00fcr\u00fcld\u00fc.<\/p>\n","protected":false},"excerpt":{"rendered":"<p>Tokat\u2019\u0131n Turhal il\u00e7esinde hareket halindeki arac\u0131n motor k\u0131sm\u0131ndan \u00e7\u0131kan duman itfaiye ekiplerini harekete ge\u00e7irdi. Edinilen bilgiye g\u00f6re yang\u0131n Tokat\u2019\u0131n Turhal il\u00e7esine ba\u011fl\u0131 Cumhuriyet Mahallesi Onur Sokak\u2019ta meydana geldi. Arac\u0131 ile hareket halindeyken arac\u0131n motor k\u0131sm\u0131ndan dumanlar\u0131n y\u00fckseldi\u011fini fark eden ara\u00e7 s\u00fcr\u00fcc\u00fcs\u00fc arac\u0131n\u0131 durdurdu. \u0130lk m\u00fcdahale \u00e7evredeki vatanda\u015flar taraf\u0131ndan yap\u0131ld\u0131. Daha sonra \u00e7evrede bulunan vatanda\u015flar Turhal [&hellip;]<\/p>\n","protected":false},"author":2,"featured_media":1159,"comment_status":"open","ping_status":"open","sticky":false,"template":"","format":"standard","meta":{"footnotes":""},"categories":[1],"tags":[],"class_list":["post-1158","post","type-post","status-publish","format-standard","has-post-thumbnail","hentry","category-turhal-haberleri"],"_links":{"self":[{"href":"https:\/\/www.turhalhakimiyet.com\/index.php\/wp-json\/wp\/v2\/posts\/1158","targetHints":{"allow":["GET"]}}],"collection":[{"href":"https:\/\/www.turhalhakimiyet.com\/index.php\/wp-json\/wp\/v2\/posts"}],"about":[{"href":"https:\/\/www.turhalhakimiyet.com\/index.php\/wp-json\/wp\/v2\/types\/post"}],"author":[{"embeddable":true,"href":"https:\/\/www.turhalhakimiyet.com\/index.php\/wp-json\/wp\/v2\/users\/2"}],"replies":[{"embeddable":true,"href":"https:\/\/www.turhalhakimiyet.com\/index.php\/wp-json\/wp\/v2\/comments?post=1158"}],"version-history":[{"count":1,"href":"https:\/\/www.turhalhakimiyet.com\/index.php\/wp-json\/wp\/v2\/posts\/1158\/revisions"}],"predecessor-version":[{"id":1160,"href":"https:\/\/www.turhalhakimiyet.com\/index.php\/wp-json\/wp\/v2\/posts\/1158\/revisions\/1160"}],"wp:featuredmedia":[{"embeddable":true,"href":"https:\/\/www.turhalhakimiyet.com\/index.php\/wp-json\/wp\/v2\/media\/1159"}],"wp:attachment":[{"href":"https:\/\/www.turhalhakimiyet.com\/index.php\/wp-json\/wp\/v2\/media?parent=1158"}],"wp:term":[{"taxonomy":"category","embeddable":true,"href":"https:\/\/www.turhalhakimiyet.com\/index.php\/wp-json\/wp\/v2\/categories?post=1158"},{"taxonomy":"post_tag","embeddable":true,"href":"https:\/\/www.turhalhakimiyet.com\/index.php\/wp-json\/wp\/v2\/tags?post=1158"}],"curies":[{"name":"wp","href":"https:\/\/api.w.org\/{rel}","templated":true}]}}