{"id":1164,"date":"2023-07-24T09:01:42","date_gmt":"2023-07-24T06:01:42","guid":{"rendered":"https:\/\/www.turhalhakimiyet.com\/?p=1164"},"modified":"2023-07-24T09:01:42","modified_gmt":"2023-07-24T06:01:42","slug":"sigara-izmariti-metruk-binayi-kul-etti","status":"publish","type":"post","link":"https:\/\/www.turhalhakimiyet.com\/index.php\/sigara-izmariti-metruk-binayi-kul-etti\/","title":{"rendered":"Sigara izmariti metruk binay\u0131 k\u00fcl etti"},"content":{"rendered":"\n<p>Tokat\u2019ta sigara izmariti at\u0131lan iki katl\u0131 metruk bina alevlere teslim oldu. Yang\u0131nda bina kullan\u0131lamaz hale geldi.<\/p>\n\n\n\n<p>Top\u00e7uba\u011f\u0131 Mahallesi Molla H\u00fcsrev Caddesi\u2019nde bulunan 2 katl\u0131 metruk binada yang\u0131n \u00e7\u0131kt\u0131. \u0130ddiaya g\u00f6re, at\u0131lan sigara izmariti metruk binan\u0131n alevlere teslim olmas\u0131na neden oldu. Alevlerin y\u00fckseldi\u011fini g\u00f6ren mahalle sakinleri ihbarda bulundu. Olay yerine itfaiye ekipleri sevk edildi. Ekipler yang\u0131na m\u00fcdahalede bulunurken o anlar\u0131 merakl\u0131 kalabal\u0131k seyretti. \u0130tfaiye ekipleri yang\u0131n\u0131 s\u00f6nd\u00fcrmesinin ard\u0131ndan so\u011futma \u00e7al\u0131\u015fmalar\u0131na ba\u015flad\u0131. Olayla ilgili inceleme ba\u015flat\u0131l\u0131rken metruk bina kullan\u0131lamaz hale geldi.<\/p>\n\n\n\n<p>Top\u00e7uba\u011f\u0131 Muhtar\u0131 Nizamettin Alu\u00e7 kundaklama \u015f\u00fcphesini dile getirerek &#8220;Cadde \u00fczerinden araba ile ge\u00e7iyordum ve dumanlar\u0131 g\u00f6rd\u00fcm. Ben ilk ba\u015fta temizlik yap\u0131l\u0131yor sand\u0131m, sonra kom\u015fular bana evin yand\u0131\u011f\u0131n\u0131 s\u00f6yledi. Ben de hemen 112\u2019yi arad\u0131m. Ekipler hemen gelip m\u00fcdahale etti. Bu binada herhangi bir vatanda\u015f ya\u015fam\u0131yor. Yang\u0131n\u0131n nas\u0131l \u00e7\u0131kt\u0131\u011f\u0131n\u0131 tam olarak bilmiyorum ama buras\u0131 metruk bir bina oldu\u011fundan dolay\u0131 bir can kayb\u0131 yok. Di\u011fer binalara s\u0131\u00e7ramadan m\u00fcdahale ettik. \u0130\u00e7erde ya ate\u015f yakt\u0131lar ya da sigara i\u00e7eriklerinden dolay\u0131 yang\u0131n \u00e7\u0131km\u0131\u015f olabilir. Sokaktan gelen \u00e7ocuklar i\u00e7eriye gelip piknik ama\u00e7l\u0131 da ate\u015f yakm\u0131\u015f olabilirler. Olay\u0131n tam olarak nereden kaynakland\u0131\u011f\u0131n\u0131 bilemiyorum&#8221; diye konu\u015ftu.<\/p>\n","protected":false},"excerpt":{"rendered":"<p>Tokat\u2019ta sigara izmariti at\u0131lan iki katl\u0131 metruk bina alevlere teslim oldu. Yang\u0131nda bina kullan\u0131lamaz hale geldi. Top\u00e7uba\u011f\u0131 Mahallesi Molla H\u00fcsrev Caddesi\u2019nde bulunan 2 katl\u0131 metruk binada yang\u0131n \u00e7\u0131kt\u0131. \u0130ddiaya g\u00f6re, at\u0131lan sigara izmariti metruk binan\u0131n alevlere teslim olmas\u0131na neden oldu. Alevlerin y\u00fckseldi\u011fini g\u00f6ren mahalle sakinleri ihbarda bulundu. Olay yerine itfaiye ekipleri sevk edildi. Ekipler yang\u0131na [&hellip;]<\/p>\n","protected":false},"author":2,"featured_media":1165,"comment_status":"open","ping_status":"open","sticky":false,"template":"","format":"standard","meta":{"footnotes":""},"categories":[1],"tags":[],"class_list":["post-1164","post","type-post","status-publish","format-standard","has-post-thumbnail","hentry","category-turhal-haberleri"],"_links":{"self":[{"href":"https:\/\/www.turhalhakimiyet.com\/index.php\/wp-json\/wp\/v2\/posts\/1164","targetHints":{"allow":["GET"]}}],"collection":[{"href":"https:\/\/www.turhalhakimiyet.com\/index.php\/wp-json\/wp\/v2\/posts"}],"about":[{"href":"https:\/\/www.turhalhakimiyet.com\/index.php\/wp-json\/wp\/v2\/types\/post"}],"author":[{"embeddable":true,"href":"https:\/\/www.turhalhakimiyet.com\/index.php\/wp-json\/wp\/v2\/users\/2"}],"replies":[{"embeddable":true,"href":"https:\/\/www.turhalhakimiyet.com\/index.php\/wp-json\/wp\/v2\/comments?post=1164"}],"version-history":[{"count":1,"href":"https:\/\/www.turhalhakimiyet.com\/index.php\/wp-json\/wp\/v2\/posts\/1164\/revisions"}],"predecessor-version":[{"id":1166,"href":"https:\/\/www.turhalhakimiyet.com\/index.php\/wp-json\/wp\/v2\/posts\/1164\/revisions\/1166"}],"wp:featuredmedia":[{"embeddable":true,"href":"https:\/\/www.turhalhakimiyet.com\/index.php\/wp-json\/wp\/v2\/media\/1165"}],"wp:attachment":[{"href":"https:\/\/www.turhalhakimiyet.com\/index.php\/wp-json\/wp\/v2\/media?parent=1164"}],"wp:term":[{"taxonomy":"category","embeddable":true,"href":"https:\/\/www.turhalhakimiyet.com\/index.php\/wp-json\/wp\/v2\/categories?post=1164"},{"taxonomy":"post_tag","embeddable":true,"href":"https:\/\/www.turhalhakimiyet.com\/index.php\/wp-json\/wp\/v2\/tags?post=1164"}],"curies":[{"name":"wp","href":"https:\/\/api.w.org\/{rel}","templated":true}]}}