{"id":1170,"date":"2023-07-25T09:07:29","date_gmt":"2023-07-25T06:07:29","guid":{"rendered":"https:\/\/www.turhalhakimiyet.com\/?p=1170"},"modified":"2023-07-25T09:07:29","modified_gmt":"2023-07-25T06:07:29","slug":"motosikletin-carptigi-yaya-hayatini-kaybetti","status":"publish","type":"post","link":"https:\/\/www.turhalhakimiyet.com\/index.php\/motosikletin-carptigi-yaya-hayatini-kaybetti\/","title":{"rendered":"Motosikletin \u00e7arpt\u0131\u011f\u0131 yaya hayat\u0131n\u0131 kaybetti"},"content":{"rendered":"\n<p>Tokat\u2019\u0131n Niksar il\u00e7esinde motosikletin \u00e7arpt\u0131\u011f\u0131 ya\u015fl\u0131 adam, kald\u0131r\u0131ld\u0131\u011f\u0131 hastanede ya\u015fam\u0131n\u0131 yitirdi. Kaza an\u0131 bir i\u015fyerinin g\u00fcvenlik kameras\u0131na yans\u0131d\u0131.<\/p>\n\n\n\n<p>Kaza, d\u00fcn ak\u015fam Cumhuriyet Caddesi Bengiler Mahallesi\u2019nde meydana geldi. Edinilen bilgiye g\u00f6re, O.A.B. y\u00f6netimindeki 60 NK 844 plakal\u0131 motosiklet caddede seyir halindeyken yaya olarak caddeden kar\u015f\u0131ya ge\u00e7meye \u00e7al\u0131\u015fan Re\u015fat Karata\u015f\u2019a (77) \u00e7arpt\u0131. \u00c7arpman\u0131n etkisiyle savrulan Karata\u015f a\u011f\u0131r yaraland\u0131. 112 sa\u011fl\u0131k ekipleri taraf\u0131ndan Niksar Devlet Hastanesine kald\u0131r\u0131lan Karata\u015f, burada yap\u0131lan ilk m\u00fcdahalenin ard\u0131ndan Tokat GOP \u00dcniversitesi Hastanesine sevk edildi. Ya\u015fl\u0131 adam, yap\u0131lan t\u00fcm m\u00fcdahalelere ra\u011fmen kurtar\u0131lamayarak hayat\u0131n\u0131 kaybetti.<\/p>\n\n\n\n<p>Polis kaza ile ilgili inceleme ba\u015flatt\u0131.<\/p>\n","protected":false},"excerpt":{"rendered":"<p>Tokat\u2019\u0131n Niksar il\u00e7esinde motosikletin \u00e7arpt\u0131\u011f\u0131 ya\u015fl\u0131 adam, kald\u0131r\u0131ld\u0131\u011f\u0131 hastanede ya\u015fam\u0131n\u0131 yitirdi. Kaza an\u0131 bir i\u015fyerinin g\u00fcvenlik kameras\u0131na yans\u0131d\u0131. Kaza, d\u00fcn ak\u015fam Cumhuriyet Caddesi Bengiler Mahallesi\u2019nde meydana geldi. Edinilen bilgiye g\u00f6re, O.A.B. y\u00f6netimindeki 60 NK 844 plakal\u0131 motosiklet caddede seyir halindeyken yaya olarak caddeden kar\u015f\u0131ya ge\u00e7meye \u00e7al\u0131\u015fan Re\u015fat Karata\u015f\u2019a (77) \u00e7arpt\u0131. \u00c7arpman\u0131n etkisiyle savrulan Karata\u015f a\u011f\u0131r [&hellip;]<\/p>\n","protected":false},"author":2,"featured_media":1171,"comment_status":"open","ping_status":"open","sticky":false,"template":"","format":"standard","meta":{"footnotes":""},"categories":[1],"tags":[],"class_list":["post-1170","post","type-post","status-publish","format-standard","has-post-thumbnail","hentry","category-turhal-haberleri"],"_links":{"self":[{"href":"https:\/\/www.turhalhakimiyet.com\/index.php\/wp-json\/wp\/v2\/posts\/1170","targetHints":{"allow":["GET"]}}],"collection":[{"href":"https:\/\/www.turhalhakimiyet.com\/index.php\/wp-json\/wp\/v2\/posts"}],"about":[{"href":"https:\/\/www.turhalhakimiyet.com\/index.php\/wp-json\/wp\/v2\/types\/post"}],"author":[{"embeddable":true,"href":"https:\/\/www.turhalhakimiyet.com\/index.php\/wp-json\/wp\/v2\/users\/2"}],"replies":[{"embeddable":true,"href":"https:\/\/www.turhalhakimiyet.com\/index.php\/wp-json\/wp\/v2\/comments?post=1170"}],"version-history":[{"count":1,"href":"https:\/\/www.turhalhakimiyet.com\/index.php\/wp-json\/wp\/v2\/posts\/1170\/revisions"}],"predecessor-version":[{"id":1172,"href":"https:\/\/www.turhalhakimiyet.com\/index.php\/wp-json\/wp\/v2\/posts\/1170\/revisions\/1172"}],"wp:featuredmedia":[{"embeddable":true,"href":"https:\/\/www.turhalhakimiyet.com\/index.php\/wp-json\/wp\/v2\/media\/1171"}],"wp:attachment":[{"href":"https:\/\/www.turhalhakimiyet.com\/index.php\/wp-json\/wp\/v2\/media?parent=1170"}],"wp:term":[{"taxonomy":"category","embeddable":true,"href":"https:\/\/www.turhalhakimiyet.com\/index.php\/wp-json\/wp\/v2\/categories?post=1170"},{"taxonomy":"post_tag","embeddable":true,"href":"https:\/\/www.turhalhakimiyet.com\/index.php\/wp-json\/wp\/v2\/tags?post=1170"}],"curies":[{"name":"wp","href":"https:\/\/api.w.org\/{rel}","templated":true}]}}