{"id":1185,"date":"2023-07-28T09:08:21","date_gmt":"2023-07-28T06:08:21","guid":{"rendered":"https:\/\/www.turhalhakimiyet.com\/?p=1185"},"modified":"2023-07-28T09:08:21","modified_gmt":"2023-07-28T06:08:21","slug":"kavurucu-sicaklar-o-ilceye-ugramadi-turkiyenin-en-soguk-yerlesim-yeri-oldu","status":"publish","type":"post","link":"https:\/\/www.turhalhakimiyet.com\/index.php\/kavurucu-sicaklar-o-ilceye-ugramadi-turkiyenin-en-soguk-yerlesim-yeri-oldu\/","title":{"rendered":"Kavurucu s\u0131caklar o il\u00e7eye u\u011framad\u0131, T\u00fcrkiye\u2019nin en so\u011fuk yerle\u015fim yeri oldu"},"content":{"rendered":"\n<p>D\u00fcnyay\u0131 etkisi alt\u0131na alan kavurucu s\u0131caklar, Tokat\u2019\u0131n Artova il\u00e7esine u\u011framad\u0131.<\/p>\n\n\n\n<p>T\u00fcrkiye\u2019yi ve d\u00fcnyay\u0131 etkisi alt\u0131na alan kavurucu s\u0131caklar her ge\u00e7en g\u00fcn etkisini art\u0131r\u0131rken Tokat\u2019t\u0131n Artova il\u00e7esinde hava s\u0131cakl\u0131\u011f\u0131 ak\u015fam saatlerinde hissedilir derecede d\u00fc\u015ft\u00fc. Meteoroloji Genel M\u00fcd\u00fcrl\u00fc\u011f\u00fc internet sitesinden al\u0131nan verilere g\u00f6re hava s\u0131cakl\u0131\u011f\u0131n\u0131n 5.8 derece \u00f6l\u00e7\u00fcld\u00fc\u011f\u00fc Tokat\u2019\u0131n Artova il\u00e7esi T\u00fcrkiye\u2019de en d\u00fc\u015f\u00fck hava s\u0131cakl\u0131\u011f\u0131na sahip yerle\u015fim yeri oldu. Hava s\u0131cakl\u0131\u011f\u0131n\u0131n ge\u00e7ti\u011fimiz ak\u015fam 18.00 ile bu sabah 06.00 s\u0131ralar\u0131nda \u00f6l\u00e7\u00fcld\u00fc\u011f\u00fc kaydedildi.<\/p>\n","protected":false},"excerpt":{"rendered":"<p>D\u00fcnyay\u0131 etkisi alt\u0131na alan kavurucu s\u0131caklar, Tokat\u2019\u0131n Artova il\u00e7esine u\u011framad\u0131. T\u00fcrkiye\u2019yi ve d\u00fcnyay\u0131 etkisi alt\u0131na alan kavurucu s\u0131caklar her ge\u00e7en g\u00fcn etkisini art\u0131r\u0131rken Tokat\u2019t\u0131n Artova il\u00e7esinde hava s\u0131cakl\u0131\u011f\u0131 ak\u015fam saatlerinde hissedilir derecede d\u00fc\u015ft\u00fc. Meteoroloji Genel M\u00fcd\u00fcrl\u00fc\u011f\u00fc internet sitesinden al\u0131nan verilere g\u00f6re hava s\u0131cakl\u0131\u011f\u0131n\u0131n 5.8 derece \u00f6l\u00e7\u00fcld\u00fc\u011f\u00fc Tokat\u2019\u0131n Artova il\u00e7esi T\u00fcrkiye\u2019de en d\u00fc\u015f\u00fck hava s\u0131cakl\u0131\u011f\u0131na sahip [&hellip;]<\/p>\n","protected":false},"author":2,"featured_media":1187,"comment_status":"open","ping_status":"open","sticky":false,"template":"","format":"standard","meta":{"footnotes":""},"categories":[1],"tags":[],"class_list":["post-1185","post","type-post","status-publish","format-standard","has-post-thumbnail","hentry","category-turhal-haberleri"],"_links":{"self":[{"href":"https:\/\/www.turhalhakimiyet.com\/index.php\/wp-json\/wp\/v2\/posts\/1185","targetHints":{"allow":["GET"]}}],"collection":[{"href":"https:\/\/www.turhalhakimiyet.com\/index.php\/wp-json\/wp\/v2\/posts"}],"about":[{"href":"https:\/\/www.turhalhakimiyet.com\/index.php\/wp-json\/wp\/v2\/types\/post"}],"author":[{"embeddable":true,"href":"https:\/\/www.turhalhakimiyet.com\/index.php\/wp-json\/wp\/v2\/users\/2"}],"replies":[{"embeddable":true,"href":"https:\/\/www.turhalhakimiyet.com\/index.php\/wp-json\/wp\/v2\/comments?post=1185"}],"version-history":[{"count":1,"href":"https:\/\/www.turhalhakimiyet.com\/index.php\/wp-json\/wp\/v2\/posts\/1185\/revisions"}],"predecessor-version":[{"id":1188,"href":"https:\/\/www.turhalhakimiyet.com\/index.php\/wp-json\/wp\/v2\/posts\/1185\/revisions\/1188"}],"wp:featuredmedia":[{"embeddable":true,"href":"https:\/\/www.turhalhakimiyet.com\/index.php\/wp-json\/wp\/v2\/media\/1187"}],"wp:attachment":[{"href":"https:\/\/www.turhalhakimiyet.com\/index.php\/wp-json\/wp\/v2\/media?parent=1185"}],"wp:term":[{"taxonomy":"category","embeddable":true,"href":"https:\/\/www.turhalhakimiyet.com\/index.php\/wp-json\/wp\/v2\/categories?post=1185"},{"taxonomy":"post_tag","embeddable":true,"href":"https:\/\/www.turhalhakimiyet.com\/index.php\/wp-json\/wp\/v2\/tags?post=1185"}],"curies":[{"name":"wp","href":"https:\/\/api.w.org\/{rel}","templated":true}]}}