{"id":1192,"date":"2023-08-01T09:35:11","date_gmt":"2023-08-01T06:35:11","guid":{"rendered":"https:\/\/www.turhalhakimiyet.com\/?p=1192"},"modified":"2023-08-01T09:35:11","modified_gmt":"2023-08-01T06:35:11","slug":"zile-belediyesinde-asure-dagitimi-gerceklestirildi","status":"publish","type":"post","link":"https:\/\/www.turhalhakimiyet.com\/index.php\/zile-belediyesinde-asure-dagitimi-gerceklestirildi\/","title":{"rendered":"Zile Belediyesi\u2019nde A\u015fure Da\u011f\u0131t\u0131m\u0131 ger\u00e7ekle\u015ftirildi"},"content":{"rendered":"\n<p>Zile Belediyesi taraf\u0131ndan Muharrem ay\u0131 dolay\u0131s\u0131yla 3 bin ki\u015filik a\u015fure da\u011f\u0131t\u0131ld\u0131.<\/p>\n\n\n\n<p>Muharrem Ay\u0131 dolay\u0131s\u0131yla Zile belediyesi taraf\u0131ndan vatanda\u015flara a\u015f\u00fcre da\u011f\u0131t\u0131ld\u0131. Kazanlarda haz\u0131rlanan a\u015fureleri belediye ba\u015fkan\u0131 vatanda\u015flara da\u011f\u0131tt\u0131. Da\u011f\u0131t\u0131lan a\u015fureye vatanda\u015flar\u0131n ilgili yo\u011fun oldu. Muharrem Ay\u0131\u2019nda bereket ve payla\u015fman\u0131n anlam\u0131 olan a\u015fure g\u00fcn\u00fc m\u00fcnasebetiyle ger\u00e7ekle\u015ftirilen a\u015fure da\u011f\u0131t\u0131m\u0131 etkinli\u011fine Zile Kaymakam\u0131 Mehmet Ali Aky\u00fcz, Zile Belediye Ba\u015fkan\u0131 \u015e\u00fckr\u00fc Sarg\u0131n, Zile Cumhuriyet Ba\u015fsavc\u0131s\u0131 C\u00fcneyt San\u0131var, \u0130l\u00e7e Emniyet M\u00fcd\u00fcr\u00fc Bilal K\u00fcr\u015fat K\u0131l\u0131\u00e7arslan, il\u00e7e protokol\u00fc ve \u0130l\u00e7e Sakinleri kat\u0131ld\u0131.<\/p>\n\n\n\n<p>&#8220;Muharrem Ay\u0131 bir matem bir h\u00fcz\u00fcn ay\u0131d\u0131r&#8221;<\/p>\n\n\n\n<p>Programda vatanda\u015flara a\u015fure ikram\u0131nda bulunan Zile Belediye Ba\u015fkan\u0131 \u015e\u00fckr\u00fc Sarg\u0131n \u201cMuharrem Ay\u0131 dolay\u0131s\u0131yla 3 bin ki\u015filik a\u015fure haz\u0131rlad\u0131k ve vatanda\u015flar\u0131m\u0131za ikram ediyoruz. Muharrem ay\u0131n\u0131n 10. g\u00fcn\u00fc Hz Muhammed\u2019in torunu Hz H\u00fcseyin Efendimiz ve arkada\u015flar\u0131n\u0131n \u015fehit edildi\u011fi bir matem g\u00fcn\u00fcd\u00fcr. B\u00fct\u00fcn M\u00fcsl\u00fcmanlar\u0131n ortak h\u00fcz\u00fcn g\u00fcn\u00fcd\u00fcr. Yap\u0131lan zul\u00fcmleri anlatmaya ne dilin g\u00fcc\u00fc yeter ne de ac\u0131s\u0131na g\u00f6n\u00fcller katlan\u0131r. Bizler ne zalimi ne de mazlumu asla unutmayaca\u011f\u0131z. A\u015fure g\u00fcn\u00fcm\u00fcz ve matemimiz y\u00fcre\u011fimizde hep bir s\u0131z\u0131 olarak kalacakt\u0131r. Y\u00fcce Allah bir daha insanl\u0131\u011fa b\u00f6yle bir zul\u00fcm ya\u015fatmas\u0131n. Muharrem Ay\u0131\u2019n\u0131n t\u00fcm halk\u0131m\u0131za bereket, birlik, beraberlik ve karde\u015flik getirmesini temenni ediyorum. Vatanda\u015flar\u0131m\u0131za da bu tevecc\u00fch ve kat\u0131l\u0131mlar\u0131ndan dolay\u0131 te\u015fekk\u00fcr ediyorum\u201d dedi.<\/p>\n","protected":false},"excerpt":{"rendered":"<p>Zile Belediyesi taraf\u0131ndan Muharrem ay\u0131 dolay\u0131s\u0131yla 3 bin ki\u015filik a\u015fure da\u011f\u0131t\u0131ld\u0131. Muharrem Ay\u0131 dolay\u0131s\u0131yla Zile belediyesi taraf\u0131ndan vatanda\u015flara a\u015f\u00fcre da\u011f\u0131t\u0131ld\u0131. Kazanlarda haz\u0131rlanan a\u015fureleri belediye ba\u015fkan\u0131 vatanda\u015flara da\u011f\u0131tt\u0131. Da\u011f\u0131t\u0131lan a\u015fureye vatanda\u015flar\u0131n ilgili yo\u011fun oldu. Muharrem Ay\u0131\u2019nda bereket ve payla\u015fman\u0131n anlam\u0131 olan a\u015fure g\u00fcn\u00fc m\u00fcnasebetiyle ger\u00e7ekle\u015ftirilen a\u015fure da\u011f\u0131t\u0131m\u0131 etkinli\u011fine Zile Kaymakam\u0131 Mehmet Ali Aky\u00fcz, Zile Belediye Ba\u015fkan\u0131 [&hellip;]<\/p>\n","protected":false},"author":2,"featured_media":1193,"comment_status":"open","ping_status":"open","sticky":false,"template":"","format":"standard","meta":{"footnotes":""},"categories":[1],"tags":[],"class_list":["post-1192","post","type-post","status-publish","format-standard","has-post-thumbnail","hentry","category-turhal-haberleri"],"_links":{"self":[{"href":"https:\/\/www.turhalhakimiyet.com\/index.php\/wp-json\/wp\/v2\/posts\/1192","targetHints":{"allow":["GET"]}}],"collection":[{"href":"https:\/\/www.turhalhakimiyet.com\/index.php\/wp-json\/wp\/v2\/posts"}],"about":[{"href":"https:\/\/www.turhalhakimiyet.com\/index.php\/wp-json\/wp\/v2\/types\/post"}],"author":[{"embeddable":true,"href":"https:\/\/www.turhalhakimiyet.com\/index.php\/wp-json\/wp\/v2\/users\/2"}],"replies":[{"embeddable":true,"href":"https:\/\/www.turhalhakimiyet.com\/index.php\/wp-json\/wp\/v2\/comments?post=1192"}],"version-history":[{"count":1,"href":"https:\/\/www.turhalhakimiyet.com\/index.php\/wp-json\/wp\/v2\/posts\/1192\/revisions"}],"predecessor-version":[{"id":1194,"href":"https:\/\/www.turhalhakimiyet.com\/index.php\/wp-json\/wp\/v2\/posts\/1192\/revisions\/1194"}],"wp:featuredmedia":[{"embeddable":true,"href":"https:\/\/www.turhalhakimiyet.com\/index.php\/wp-json\/wp\/v2\/media\/1193"}],"wp:attachment":[{"href":"https:\/\/www.turhalhakimiyet.com\/index.php\/wp-json\/wp\/v2\/media?parent=1192"}],"wp:term":[{"taxonomy":"category","embeddable":true,"href":"https:\/\/www.turhalhakimiyet.com\/index.php\/wp-json\/wp\/v2\/categories?post=1192"},{"taxonomy":"post_tag","embeddable":true,"href":"https:\/\/www.turhalhakimiyet.com\/index.php\/wp-json\/wp\/v2\/tags?post=1192"}],"curies":[{"name":"wp","href":"https:\/\/api.w.org\/{rel}","templated":true}]}}