{"id":1198,"date":"2023-08-04T09:30:00","date_gmt":"2023-08-04T06:30:00","guid":{"rendered":"https:\/\/www.turhalhakimiyet.com\/?p=1198"},"modified":"2023-08-04T09:30:00","modified_gmt":"2023-08-04T06:30:00","slug":"niksar-belediyesi-sosyal-market-acti","status":"publish","type":"post","link":"https:\/\/www.turhalhakimiyet.com\/index.php\/niksar-belediyesi-sosyal-market-acti\/","title":{"rendered":"Niksar Belediyesi Sosyal Market a\u00e7t\u0131"},"content":{"rendered":"\n<p>Tokat\u2019\u0131n Niksar il\u00e7esinde ihtiya\u00e7 sahipleri i\u00e7in \u2018Sosyal Market\u2019 a\u00e7\u0131ld\u0131.<\/p>\n\n\n\n<p>Niksar Belediyesi, ihtiya\u00e7 sahiplerinin temel g\u0131da ve hijyen ihtiya\u00e7lar\u0131n\u0131 kar\u015f\u0131lamak amac\u0131yla \u2018Sosyal Market\u2019 projesini hayata ge\u00e7irdi. Belediye \u0130\u015f Merkezi alt\u0131nda kurulumu tamamlanan marketten ihtiya\u00e7 sahipleri NiksarKart ile \u00fccretsiz al\u0131\u015fveri\u015f yapabilecek. Niksar Belediye Ba\u015fkan\u0131 \u00d6zdilek \u00d6zcan konuyla ilgili yapt\u0131\u011f\u0131 a\u00e7\u0131klamada, \u201cParan\u0131n ge\u00e7medi\u011fi tek market; Niksar Belediyesi Sosyal Market faaliyete ge\u00e7ti. \u0130htiya\u00e7 sahibi hem\u015fehrilerimizin ihtiyac\u0131 y\u00f6n\u00fcnde al\u0131\u015fveri\u015flerini yapabilecekleri Sosyal Market Projemizi Belediyemiz \u0130\u015f Merkezi alt\u0131nda kurulumunu tamamlad\u0131k. G\u0131da Market ile Giyim Market projemizi tek \u00e7at\u0131 alt\u0131nda toplad\u0131\u011f\u0131m\u0131z proje ile ihtiya\u00e7 sahibi hem\u015fehrilerimiz ihtiya\u00e7lar\u0131na binaen kendilerine belirlenen miktarla al\u0131\u015fveri\u015flerini NiksarKart ile yapabilecekler, il\u00e7emize hay\u0131rl\u0131 olsun\u201d dedi.<\/p>\n","protected":false},"excerpt":{"rendered":"<p>Tokat\u2019\u0131n Niksar il\u00e7esinde ihtiya\u00e7 sahipleri i\u00e7in \u2018Sosyal Market\u2019 a\u00e7\u0131ld\u0131. Niksar Belediyesi, ihtiya\u00e7 sahiplerinin temel g\u0131da ve hijyen ihtiya\u00e7lar\u0131n\u0131 kar\u015f\u0131lamak amac\u0131yla \u2018Sosyal Market\u2019 projesini hayata ge\u00e7irdi. Belediye \u0130\u015f Merkezi alt\u0131nda kurulumu tamamlanan marketten ihtiya\u00e7 sahipleri NiksarKart ile \u00fccretsiz al\u0131\u015fveri\u015f yapabilecek. Niksar Belediye Ba\u015fkan\u0131 \u00d6zdilek \u00d6zcan konuyla ilgili yapt\u0131\u011f\u0131 a\u00e7\u0131klamada, \u201cParan\u0131n ge\u00e7medi\u011fi tek market; Niksar Belediyesi Sosyal [&hellip;]<\/p>\n","protected":false},"author":2,"featured_media":1199,"comment_status":"open","ping_status":"open","sticky":false,"template":"","format":"standard","meta":{"footnotes":""},"categories":[1],"tags":[],"class_list":["post-1198","post","type-post","status-publish","format-standard","has-post-thumbnail","hentry","category-turhal-haberleri"],"_links":{"self":[{"href":"https:\/\/www.turhalhakimiyet.com\/index.php\/wp-json\/wp\/v2\/posts\/1198","targetHints":{"allow":["GET"]}}],"collection":[{"href":"https:\/\/www.turhalhakimiyet.com\/index.php\/wp-json\/wp\/v2\/posts"}],"about":[{"href":"https:\/\/www.turhalhakimiyet.com\/index.php\/wp-json\/wp\/v2\/types\/post"}],"author":[{"embeddable":true,"href":"https:\/\/www.turhalhakimiyet.com\/index.php\/wp-json\/wp\/v2\/users\/2"}],"replies":[{"embeddable":true,"href":"https:\/\/www.turhalhakimiyet.com\/index.php\/wp-json\/wp\/v2\/comments?post=1198"}],"version-history":[{"count":1,"href":"https:\/\/www.turhalhakimiyet.com\/index.php\/wp-json\/wp\/v2\/posts\/1198\/revisions"}],"predecessor-version":[{"id":1200,"href":"https:\/\/www.turhalhakimiyet.com\/index.php\/wp-json\/wp\/v2\/posts\/1198\/revisions\/1200"}],"wp:featuredmedia":[{"embeddable":true,"href":"https:\/\/www.turhalhakimiyet.com\/index.php\/wp-json\/wp\/v2\/media\/1199"}],"wp:attachment":[{"href":"https:\/\/www.turhalhakimiyet.com\/index.php\/wp-json\/wp\/v2\/media?parent=1198"}],"wp:term":[{"taxonomy":"category","embeddable":true,"href":"https:\/\/www.turhalhakimiyet.com\/index.php\/wp-json\/wp\/v2\/categories?post=1198"},{"taxonomy":"post_tag","embeddable":true,"href":"https:\/\/www.turhalhakimiyet.com\/index.php\/wp-json\/wp\/v2\/tags?post=1198"}],"curies":[{"name":"wp","href":"https:\/\/api.w.org\/{rel}","templated":true}]}}