{"id":1201,"date":"2023-08-07T10:07:55","date_gmt":"2023-08-07T07:07:55","guid":{"rendered":"https:\/\/www.turhalhakimiyet.com\/?p=1201"},"modified":"2023-08-07T10:07:55","modified_gmt":"2023-08-07T07:07:55","slug":"tokat-belediyesi-iscilerin-maaslarina-ek-zam-getiren-protokolu-imzaladi","status":"publish","type":"post","link":"https:\/\/www.turhalhakimiyet.com\/index.php\/tokat-belediyesi-iscilerin-maaslarina-ek-zam-getiren-protokolu-imzaladi\/","title":{"rendered":"Tokat Belediyesi i\u015f\u00e7ilerin maa\u015flar\u0131na ek zam getiren protokol\u00fc imzalad\u0131"},"content":{"rendered":"\n<p>Tokat Belediye Ba\u015fkan\u0131 Ey\u00fcp Ero\u011flu ve Hizmet-\u0130\u015f Sendikas\u0131 Tokat \u015eube Ba\u015fkan\u0131 Resul Demir aras\u0131nda Tokat Belediyesi Tok-Bel \u015eirketi ve kadrolu i\u015f\u00e7ilerin maa\u015flar\u0131na ek zam getiren protokol imzaland\u0131.<\/p>\n\n\n\n<p>Tokat Belediyesi ile Hizmet-\u0130\u015f Sendikas\u0131 aras\u0131nda 2023 y\u0131l\u0131 maa\u015flar\u0131 ve sosyal haklar\u0131n\u0131 d\u00fczenleyen s\u00f6zle\u015fmeye g\u00f6re belediye i\u015f\u00e7ileri y\u0131l ortas\u0131nda yevmiyelerine % 34 oran\u0131nda zam alacakt\u0131. Hizmet-\u0130\u015f Sendikas\u0131 ve Belediye Ba\u015fkan\u0131 Ey\u00fcp Ero\u011flu aras\u0131nda imzalanan ek protokolle sosyal haklara % 40 oran\u0131nda iyile\u015ftirme yap\u0131ld\u0131.<\/p>\n\n\n\n<p>&#8220;Ekstra olarak ortalama % 40 oran\u0131nda zam yap\u0131lm\u0131\u015ft\u0131r&#8221;<\/p>\n\n\n\n<p>\u0130mzalanan protokol ile ilgili a\u00e7\u0131klamalarda bulunan Hizmet-\u0130\u015f Sendikas\u0131 Tokat \u015eube Ba\u015fkan\u0131 Resul Demir \u201cTokat Belediyemizde \u00e7al\u0131\u015fan Tok-Bel \u015eirketi i\u015f\u00e7ileri ve kadrolu i\u015f\u00e7ileri ilgilendiren ve Belediye Ba\u015fkan\u0131m\u0131z Say\u0131n Ey\u00fcp Ero\u011flu\u2019nun y\u00fcr\u00fcrl\u00fckteki toplu s\u00f6zle\u015fme d\u0131\u015f\u0131nda, inisiyatifleri ile yap\u0131lan protokol ile i\u015f\u00e7ilerimizin yevmiyelerinde mevcut s\u00f6zle\u015fmeden do\u011fan % 34\u2019l\u00fck art\u0131\u015f d\u0131\u015f\u0131nda sosyal haklara ekstra olarak ortalama % 40 oran\u0131nda zam yap\u0131lm\u0131\u015ft\u0131r. Ayr\u0131ca kadrolu i\u015f\u00e7ilerimizin maa\u015flar\u0131nda toplamda % 36\u2019ya varan iyile\u015ftirmeler yap\u0131lm\u0131\u015ft\u0131r. Her zaman emek\u00e7inin yan\u0131nda oldu\u011funu bir kez daha g\u00f6steren K\u0131ymetli Belediye Ba\u015fkan\u0131m\u0131z Say\u0131n Ey\u00fcp Ero\u011flu\u2019na i\u015f\u00e7i karde\u015flerimiz ad\u0131na te\u015fekk\u00fcr ediyorum\u201d dedi.<\/p>\n\n\n\n<p>&#8220;Yapt\u0131\u011f\u0131m\u0131z iyile\u015ftirmenin kendilerine ve k\u0131ymetli ailelerine hay\u0131rl\u0131 olmas\u0131n\u0131 diliyorum&#8221;<\/p>\n\n\n\n<p>Tokat Belediye Ba\u015fkan\u0131 Ey\u00fcp Ero\u011flu ise \u201c\u015eehrimizin imar\u0131 ve in\u015fas\u0131nda, gece g\u00fcnd\u00fcz demeden fedak\u00e2rca gayret g\u00f6steren de\u011ferli \u00e7al\u0131\u015fma arkada\u015flar\u0131m\u0131z i\u00e7in ek protokol ile yapt\u0131\u011f\u0131m\u0131z iyile\u015ftirmenin kendilerine ve k\u0131ymetli ailelerine hay\u0131rl\u0131 olmas\u0131n\u0131 diliyorum.\u201d diye konu\u015ftu.<\/p>\n\n\n\n<p><a rel=\"noreferrer noopener\" href=\"https:\/\/www.facebook.com\/sharer.php?u=https:\/\/www.iha.com.tr\/tokat-haberleri\/tokat-belediyesi-iscilerin-maaslarina-ek-zam-getiren-protokolu-imzaladi-26158971&amp;text=Tokat%20Belediyesi%20i%C5%9F%C3%A7ilerin%20maa%C5%9Flar%C4%B1na%20ek%20zam%20getiren%20protokol%C3%BC%20imzalad%C4%B1&amp;via=\" target=\"_blank\"><\/a><a rel=\"noreferrer noopener\" href=\"https:\/\/twitter.com\/intent\/tweet?url=https:\/\/www.iha.com.tr\/tokat-haberleri\/tokat-belediyesi-iscilerin-maaslarina-ek-zam-getiren-protokolu-imzaladi-26158971&amp;text=Tokat%20Belediyesi%20i%C5%9F%C3%A7ilerin%20maa%C5%9Flar%C4%B1na%20ek%20zam%20getiren%20protokol%C3%BC%20imzalad%C4%B1\" target=\"_blank\"><\/a><a rel=\"noreferrer noopener\" href=\"\/\/www.iha.com.tr\/tokat-haberleri\/tokat-belediyesi-iscilerin-maaslarina-ek-zam-getiren-protokolu-imzaladi-26158971\" target=\"_blank\"><\/a><a rel=\"noreferrer noopener\" href=\"mailto:?&amp;body=https:\/\/www.iha.com.tr\/tokat-haberleri\/tokat-belediyesi-iscilerin-maaslarina-ek-zam-getiren-protokolu-imzaladi-26158971&amp;subject=Tokat%20Belediyesi%20i%C5%9F%C3%A7ilerin%20maa%C5%9Flar%C4%B1na%20ek%20zam%20getiren%20protokol%C3%BC%20imzalad%C4%B1\" target=\"_blank\"><\/a><a rel=\"noreferrer noopener\" href=\"https:\/\/telegram.me\/share\/url?url=https:\/\/www.iha.com.tr\/tokat-haberleri\/tokat-belediyesi-iscilerin-maaslarina-ek-zam-getiren-protokolu-imzaladi-26158971&amp;text=Tokat%20Belediyesi%20i%C5%9F%C3%A7ilerin%20maa%C5%9Flar%C4%B1na%20ek%20zam%20getiren%20protokol%C3%BC%20imzalad%C4%B1\" target=\"_blank\"><\/a><a rel=\"noreferrer noopener\" href=\"https:\/\/www.linkedin.com\/shareArticle?url=https:\/\/www.iha.com.tr\/tokat-haberleri\/tokat-belediyesi-iscilerin-maaslarina-ek-zam-getiren-protokolu-imzaladi-26158971&amp;title=Tokat%20Belediyesi%20i%C5%9F%C3%A7ilerin%20maa%C5%9Flar%C4%B1na%20ek%20zam%20getiren%20protokol%C3%BC%20imzalad%C4%B1\" target=\"_blank\"><\/a><\/p>\n","protected":false},"excerpt":{"rendered":"<p>Tokat Belediye Ba\u015fkan\u0131 Ey\u00fcp Ero\u011flu ve Hizmet-\u0130\u015f Sendikas\u0131 Tokat \u015eube Ba\u015fkan\u0131 Resul Demir aras\u0131nda Tokat Belediyesi Tok-Bel \u015eirketi ve kadrolu i\u015f\u00e7ilerin maa\u015flar\u0131na ek zam getiren protokol imzaland\u0131. Tokat Belediyesi ile Hizmet-\u0130\u015f Sendikas\u0131 aras\u0131nda 2023 y\u0131l\u0131 maa\u015flar\u0131 ve sosyal haklar\u0131n\u0131 d\u00fczenleyen s\u00f6zle\u015fmeye g\u00f6re belediye i\u015f\u00e7ileri y\u0131l ortas\u0131nda yevmiyelerine % 34 oran\u0131nda zam alacakt\u0131. Hizmet-\u0130\u015f Sendikas\u0131 ve [&hellip;]<\/p>\n","protected":false},"author":2,"featured_media":1202,"comment_status":"open","ping_status":"open","sticky":false,"template":"","format":"standard","meta":{"footnotes":""},"categories":[1],"tags":[],"class_list":["post-1201","post","type-post","status-publish","format-standard","has-post-thumbnail","hentry","category-turhal-haberleri"],"_links":{"self":[{"href":"https:\/\/www.turhalhakimiyet.com\/index.php\/wp-json\/wp\/v2\/posts\/1201","targetHints":{"allow":["GET"]}}],"collection":[{"href":"https:\/\/www.turhalhakimiyet.com\/index.php\/wp-json\/wp\/v2\/posts"}],"about":[{"href":"https:\/\/www.turhalhakimiyet.com\/index.php\/wp-json\/wp\/v2\/types\/post"}],"author":[{"embeddable":true,"href":"https:\/\/www.turhalhakimiyet.com\/index.php\/wp-json\/wp\/v2\/users\/2"}],"replies":[{"embeddable":true,"href":"https:\/\/www.turhalhakimiyet.com\/index.php\/wp-json\/wp\/v2\/comments?post=1201"}],"version-history":[{"count":1,"href":"https:\/\/www.turhalhakimiyet.com\/index.php\/wp-json\/wp\/v2\/posts\/1201\/revisions"}],"predecessor-version":[{"id":1203,"href":"https:\/\/www.turhalhakimiyet.com\/index.php\/wp-json\/wp\/v2\/posts\/1201\/revisions\/1203"}],"wp:featuredmedia":[{"embeddable":true,"href":"https:\/\/www.turhalhakimiyet.com\/index.php\/wp-json\/wp\/v2\/media\/1202"}],"wp:attachment":[{"href":"https:\/\/www.turhalhakimiyet.com\/index.php\/wp-json\/wp\/v2\/media?parent=1201"}],"wp:term":[{"taxonomy":"category","embeddable":true,"href":"https:\/\/www.turhalhakimiyet.com\/index.php\/wp-json\/wp\/v2\/categories?post=1201"},{"taxonomy":"post_tag","embeddable":true,"href":"https:\/\/www.turhalhakimiyet.com\/index.php\/wp-json\/wp\/v2\/tags?post=1201"}],"curies":[{"name":"wp","href":"https:\/\/api.w.org\/{rel}","templated":true}]}}