{"id":1204,"date":"2023-08-09T09:58:52","date_gmt":"2023-08-09T06:58:52","guid":{"rendered":"https:\/\/www.turhalhakimiyet.com\/?p=1204"},"modified":"2023-08-09T09:58:52","modified_gmt":"2023-08-09T06:58:52","slug":"kaza-ani-saniye-saniye-guvenlik-kamerasina-yansidi","status":"publish","type":"post","link":"https:\/\/www.turhalhakimiyet.com\/index.php\/kaza-ani-saniye-saniye-guvenlik-kamerasina-yansidi\/","title":{"rendered":"Kaza an\u0131 saniye saniye g\u00fcvenlik kameras\u0131na yans\u0131d\u0131"},"content":{"rendered":"\n<p>Tokat\u2019ta iki arac\u0131n kav\u015fakta \u00e7arp\u0131\u015fma an\u0131 g\u00fcvenlik kameras\u0131na yans\u0131d\u0131, ara\u00e7larda bulunan 2 ki\u015fi yaraland\u0131.<\/p>\n\n\n\n<p>Edinilen bilgilere g\u00f6re kaza, Tokat\u2019\u0131n Ye\u015fil\u0131rmak Mahallesi Gelincik Caddesi\u2019nde \u00e7ift tarafl\u0131 olarak ger\u00e7ekle\u015fti. S.A. idaresindeki 55 BD 146 plakal\u0131 Fiat marka ara\u00e7, E.Y. idaresindeki Hyundai marka 06 CZR 389 plakal\u0131 ara\u00e7la kav\u015fakta kafa kafaya \u00e7arp\u0131\u015ft\u0131. \u00c7arp\u0131\u015fma sonucunda 06 CZR 389 plakal\u0131 ara\u00e7 evin bah\u00e7esine \u00e7arparak durabildi. Ara\u00e7larda bulunan 2 ki\u015fi yaralan\u0131rken, \u00e7evrede bulunan vatanda\u015flar\u0131n ihbar\u0131 \u00fczerine olay yerine 112 ekipleri sevk edildi. Yaral\u0131lar, olay yerinde yap\u0131lan ilk m\u00fcdahalenin ard\u0131ndan Tokat Devlet Hastanesi\u2019ne kald\u0131r\u0131ld\u0131. Polis olayla ilgili inceleme ba\u015flat\u0131rken, kaza an\u0131 saniye saniye g\u00fcvenlik kameras\u0131na yans\u0131d\u0131.<\/p>\n","protected":false},"excerpt":{"rendered":"<p>Tokat\u2019ta iki arac\u0131n kav\u015fakta \u00e7arp\u0131\u015fma an\u0131 g\u00fcvenlik kameras\u0131na yans\u0131d\u0131, ara\u00e7larda bulunan 2 ki\u015fi yaraland\u0131. Edinilen bilgilere g\u00f6re kaza, Tokat\u2019\u0131n Ye\u015fil\u0131rmak Mahallesi Gelincik Caddesi\u2019nde \u00e7ift tarafl\u0131 olarak ger\u00e7ekle\u015fti. S.A. idaresindeki 55 BD 146 plakal\u0131 Fiat marka ara\u00e7, E.Y. idaresindeki Hyundai marka 06 CZR 389 plakal\u0131 ara\u00e7la kav\u015fakta kafa kafaya \u00e7arp\u0131\u015ft\u0131. \u00c7arp\u0131\u015fma sonucunda 06 CZR 389 plakal\u0131 [&hellip;]<\/p>\n","protected":false},"author":2,"featured_media":1205,"comment_status":"open","ping_status":"open","sticky":false,"template":"","format":"standard","meta":{"footnotes":""},"categories":[1],"tags":[],"class_list":["post-1204","post","type-post","status-publish","format-standard","has-post-thumbnail","hentry","category-turhal-haberleri"],"_links":{"self":[{"href":"https:\/\/www.turhalhakimiyet.com\/index.php\/wp-json\/wp\/v2\/posts\/1204","targetHints":{"allow":["GET"]}}],"collection":[{"href":"https:\/\/www.turhalhakimiyet.com\/index.php\/wp-json\/wp\/v2\/posts"}],"about":[{"href":"https:\/\/www.turhalhakimiyet.com\/index.php\/wp-json\/wp\/v2\/types\/post"}],"author":[{"embeddable":true,"href":"https:\/\/www.turhalhakimiyet.com\/index.php\/wp-json\/wp\/v2\/users\/2"}],"replies":[{"embeddable":true,"href":"https:\/\/www.turhalhakimiyet.com\/index.php\/wp-json\/wp\/v2\/comments?post=1204"}],"version-history":[{"count":1,"href":"https:\/\/www.turhalhakimiyet.com\/index.php\/wp-json\/wp\/v2\/posts\/1204\/revisions"}],"predecessor-version":[{"id":1206,"href":"https:\/\/www.turhalhakimiyet.com\/index.php\/wp-json\/wp\/v2\/posts\/1204\/revisions\/1206"}],"wp:featuredmedia":[{"embeddable":true,"href":"https:\/\/www.turhalhakimiyet.com\/index.php\/wp-json\/wp\/v2\/media\/1205"}],"wp:attachment":[{"href":"https:\/\/www.turhalhakimiyet.com\/index.php\/wp-json\/wp\/v2\/media?parent=1204"}],"wp:term":[{"taxonomy":"category","embeddable":true,"href":"https:\/\/www.turhalhakimiyet.com\/index.php\/wp-json\/wp\/v2\/categories?post=1204"},{"taxonomy":"post_tag","embeddable":true,"href":"https:\/\/www.turhalhakimiyet.com\/index.php\/wp-json\/wp\/v2\/tags?post=1204"}],"curies":[{"name":"wp","href":"https:\/\/api.w.org\/{rel}","templated":true}]}}