{"id":1212,"date":"2023-08-11T09:30:14","date_gmt":"2023-08-11T06:30:14","guid":{"rendered":"https:\/\/www.turhalhakimiyet.com\/?p=1212"},"modified":"2023-08-11T09:30:14","modified_gmt":"2023-08-11T06:30:14","slug":"koy-muhtari-aracinda-olu-bulundu","status":"publish","type":"post","link":"https:\/\/www.turhalhakimiyet.com\/index.php\/koy-muhtari-aracinda-olu-bulundu\/","title":{"rendered":"K\u00f6y muhtar\u0131 arac\u0131nda \u00f6l\u00fc bulundu"},"content":{"rendered":"\n<p>Tokat\u2019t\u0131n Sulusaray il\u00e7esinde Beyaz\u0131t K\u00f6y\u00fc Muhtar\u0131 \u0130hsan \u00d6zbek arac\u0131nda \u00f6l\u00fc bulundu.<\/p>\n\n\n\n<p>Edinilen bilgilere g\u00f6re, gece saatlerinde tarla sulamak i\u00e7in evinden ayr\u0131lan \u0130hsan \u00d6zbek\u2019ten sabah saatlerine kadar haber al\u0131namad\u0131. Sabah saatlerinde tarlaya giden akrabalar\u0131 \u00d6zbek\u2019i arac\u0131n i\u00e7erisinde \u00f6l\u00fc buldu. Akrabalar\u0131n\u0131n ihbar\u0131 \u00fczerine olay yerine 112 ve jandarma ekipleri sevk edildi. \u00d6zbek\u2019in cenazesi otopsi yap\u0131lmak \u00fczere Tokat Devlet Hastanesine kald\u0131r\u0131ld\u0131. \u00d6zbek\u2019in ge\u00e7irdi\u011fi kalp krizi sonucu \u00f6ld\u00fc\u011f\u00fc tahmin ediliyor. Olayla ilgili inceleme s\u00fcr\u00fcyor.<\/p>\n\n\n\n<p><a rel=\"noreferrer noopener\" href=\"https:\/\/www.facebook.com\/sharer.php?u=https:\/\/www.iha.com.tr\/tokat-haberleri\/koy-muhtari-aracinda-olu-bulundu-27784778&amp;text=K%C3%B6y%20muhtar%C4%B1%20arac%C4%B1nda%20%C3%B6l%C3%BC%20bulundu&amp;via=\" target=\"_blank\"><\/a><a rel=\"noreferrer noopener\" href=\"https:\/\/twitter.com\/intent\/tweet?url=https:\/\/www.iha.com.tr\/tokat-haberleri\/koy-muhtari-aracinda-olu-bulundu-27784778&amp;text=K%C3%B6y%20muhtar%C4%B1%20arac%C4%B1nda%20%C3%B6l%C3%BC%20bulundu\" target=\"_blank\"><\/a><a rel=\"noreferrer noopener\" href=\"\/\/www.iha.com.tr\/tokat-haberleri\/koy-muhtari-aracinda-olu-bulundu-27784778\" target=\"_blank\"><\/a><a rel=\"noreferrer noopener\" href=\"mailto:?&amp;body=https:\/\/www.iha.com.tr\/tokat-haberleri\/koy-muhtari-aracinda-olu-bulundu-27784778&amp;subject=K%C3%B6y%20muhtar%C4%B1%20arac%C4%B1nda%20%C3%B6l%C3%BC%20bulundu\" target=\"_blank\"><\/a><a rel=\"noreferrer noopener\" href=\"https:\/\/telegram.me\/share\/url?url=https:\/\/www.iha.com.tr\/tokat-haberleri\/koy-muhtari-aracinda-olu-bulundu-27784778&amp;text=K%C3%B6y%20muhtar%C4%B1%20arac%C4%B1nda%20%C3%B6l%C3%BC%20bulundu\" target=\"_blank\"><\/a><a rel=\"noreferrer noopener\" href=\"https:\/\/www.linkedin.com\/shareArticle?url=https:\/\/www.iha.com.tr\/tokat-haberleri\/koy-muhtari-aracinda-olu-bulundu-27784778&amp;title=K%C3%B6y%20muhtar%C4%B1%20arac%C4%B1nda%20%C3%B6l%C3%BC%20bulundu\" target=\"_blank\"><\/a><\/p>\n","protected":false},"excerpt":{"rendered":"<p>Tokat\u2019t\u0131n Sulusaray il\u00e7esinde Beyaz\u0131t K\u00f6y\u00fc Muhtar\u0131 \u0130hsan \u00d6zbek arac\u0131nda \u00f6l\u00fc bulundu. Edinilen bilgilere g\u00f6re, gece saatlerinde tarla sulamak i\u00e7in evinden ayr\u0131lan \u0130hsan \u00d6zbek\u2019ten sabah saatlerine kadar haber al\u0131namad\u0131. Sabah saatlerinde tarlaya giden akrabalar\u0131 \u00d6zbek\u2019i arac\u0131n i\u00e7erisinde \u00f6l\u00fc buldu. Akrabalar\u0131n\u0131n ihbar\u0131 \u00fczerine olay yerine 112 ve jandarma ekipleri sevk edildi. \u00d6zbek\u2019in cenazesi otopsi yap\u0131lmak \u00fczere Tokat [&hellip;]<\/p>\n","protected":false},"author":2,"featured_media":1213,"comment_status":"open","ping_status":"open","sticky":false,"template":"","format":"standard","meta":{"footnotes":""},"categories":[1],"tags":[],"class_list":["post-1212","post","type-post","status-publish","format-standard","has-post-thumbnail","hentry","category-turhal-haberleri"],"_links":{"self":[{"href":"https:\/\/www.turhalhakimiyet.com\/index.php\/wp-json\/wp\/v2\/posts\/1212","targetHints":{"allow":["GET"]}}],"collection":[{"href":"https:\/\/www.turhalhakimiyet.com\/index.php\/wp-json\/wp\/v2\/posts"}],"about":[{"href":"https:\/\/www.turhalhakimiyet.com\/index.php\/wp-json\/wp\/v2\/types\/post"}],"author":[{"embeddable":true,"href":"https:\/\/www.turhalhakimiyet.com\/index.php\/wp-json\/wp\/v2\/users\/2"}],"replies":[{"embeddable":true,"href":"https:\/\/www.turhalhakimiyet.com\/index.php\/wp-json\/wp\/v2\/comments?post=1212"}],"version-history":[{"count":1,"href":"https:\/\/www.turhalhakimiyet.com\/index.php\/wp-json\/wp\/v2\/posts\/1212\/revisions"}],"predecessor-version":[{"id":1214,"href":"https:\/\/www.turhalhakimiyet.com\/index.php\/wp-json\/wp\/v2\/posts\/1212\/revisions\/1214"}],"wp:featuredmedia":[{"embeddable":true,"href":"https:\/\/www.turhalhakimiyet.com\/index.php\/wp-json\/wp\/v2\/media\/1213"}],"wp:attachment":[{"href":"https:\/\/www.turhalhakimiyet.com\/index.php\/wp-json\/wp\/v2\/media?parent=1212"}],"wp:term":[{"taxonomy":"category","embeddable":true,"href":"https:\/\/www.turhalhakimiyet.com\/index.php\/wp-json\/wp\/v2\/categories?post=1212"},{"taxonomy":"post_tag","embeddable":true,"href":"https:\/\/www.turhalhakimiyet.com\/index.php\/wp-json\/wp\/v2\/tags?post=1212"}],"curies":[{"name":"wp","href":"https:\/\/api.w.org\/{rel}","templated":true}]}}