{"id":1215,"date":"2023-08-14T11:06:44","date_gmt":"2023-08-14T08:06:44","guid":{"rendered":"https:\/\/www.turhalhakimiyet.com\/?p=1215"},"modified":"2023-08-14T11:06:44","modified_gmt":"2023-08-14T08:06:44","slug":"ormanda-kaybolan-yasli-kadin-20-saat-sonra-bulundu","status":"publish","type":"post","link":"https:\/\/www.turhalhakimiyet.com\/index.php\/ormanda-kaybolan-yasli-kadin-20-saat-sonra-bulundu\/","title":{"rendered":"Ormanda kaybolan ya\u015fl\u0131 kad\u0131n 20 saat sonra bulundu"},"content":{"rendered":"\n<p>Tokat\u2019ta \u00e7ilek toplamak i\u00e7in \u00e7\u0131kt\u0131\u011f\u0131 ormanda kaybolan ya\u015fl\u0131 kad\u0131n 20 saat s\u00fcren arama \u00e7al\u0131\u015fmas\u0131 sonucu bitkin bir halde bulundu.<br><\/p>\n\n\n\n<p>Olay ge\u00e7ti\u011fimiz g\u00fcn Re\u015fadiye il\u00e7esi Be\u015fdere k\u00f6y\u00fcnde meydana geldi. A.E. isimli ya\u015fl\u0131 kad\u0131n \u00e7ilek toplamak i\u00e7in ormana gitti. K\u00f6yden olduk\u00e7a uzakla\u015fan ya\u015fl\u0131 kad\u0131n yolunu kaybedince bir daha geri d\u00f6nemedi. Yak\u0131nlar\u0131 durumu jandarma ekiplerine haber verdi. K\u00f6ye gelen AFAD ve jandarma ekipleri kad\u0131n\u0131 bulmak i\u00e7in \u00e7al\u0131\u015fma ba\u015flatt\u0131. Arama \u00e7al\u0131\u015fmalar\u0131nda iz takip k\u00f6pe\u011fi ve dron kullan\u0131ld\u0131. Ya\u015fl\u0131 kad\u0131n B\u00fcy\u00fckbe\u015fdere Mahallesi Kolun Deresi mevkiinde bitkin bir halde bulundu. Ekipleri g\u00f6ren ya\u015fl\u0131 kad\u0131n b\u00fcy\u00fck bir mutluluk ya\u015fad\u0131. Ya\u015fl\u0131 kad\u0131n jandarma ekipleri taraf\u0131ndan olu\u015fturulan ilkel bir sedye ile ta\u015f\u0131narak ormanl\u0131k alandan \u00e7\u0131kart\u0131ld\u0131. Sa\u011fl\u0131k durumu iyi olan kad\u0131n ailesine teslim edildi.<\/p>\n","protected":false},"excerpt":{"rendered":"<p>Tokat\u2019ta \u00e7ilek toplamak i\u00e7in \u00e7\u0131kt\u0131\u011f\u0131 ormanda kaybolan ya\u015fl\u0131 kad\u0131n 20 saat s\u00fcren arama \u00e7al\u0131\u015fmas\u0131 sonucu bitkin bir halde bulundu. Olay ge\u00e7ti\u011fimiz g\u00fcn Re\u015fadiye il\u00e7esi Be\u015fdere k\u00f6y\u00fcnde meydana geldi. A.E. isimli ya\u015fl\u0131 kad\u0131n \u00e7ilek toplamak i\u00e7in ormana gitti. K\u00f6yden olduk\u00e7a uzakla\u015fan ya\u015fl\u0131 kad\u0131n yolunu kaybedince bir daha geri d\u00f6nemedi. Yak\u0131nlar\u0131 durumu jandarma ekiplerine haber verdi. K\u00f6ye [&hellip;]<\/p>\n","protected":false},"author":2,"featured_media":1216,"comment_status":"open","ping_status":"open","sticky":false,"template":"","format":"standard","meta":{"footnotes":""},"categories":[1],"tags":[],"class_list":["post-1215","post","type-post","status-publish","format-standard","has-post-thumbnail","hentry","category-turhal-haberleri"],"_links":{"self":[{"href":"https:\/\/www.turhalhakimiyet.com\/index.php\/wp-json\/wp\/v2\/posts\/1215","targetHints":{"allow":["GET"]}}],"collection":[{"href":"https:\/\/www.turhalhakimiyet.com\/index.php\/wp-json\/wp\/v2\/posts"}],"about":[{"href":"https:\/\/www.turhalhakimiyet.com\/index.php\/wp-json\/wp\/v2\/types\/post"}],"author":[{"embeddable":true,"href":"https:\/\/www.turhalhakimiyet.com\/index.php\/wp-json\/wp\/v2\/users\/2"}],"replies":[{"embeddable":true,"href":"https:\/\/www.turhalhakimiyet.com\/index.php\/wp-json\/wp\/v2\/comments?post=1215"}],"version-history":[{"count":1,"href":"https:\/\/www.turhalhakimiyet.com\/index.php\/wp-json\/wp\/v2\/posts\/1215\/revisions"}],"predecessor-version":[{"id":1217,"href":"https:\/\/www.turhalhakimiyet.com\/index.php\/wp-json\/wp\/v2\/posts\/1215\/revisions\/1217"}],"wp:featuredmedia":[{"embeddable":true,"href":"https:\/\/www.turhalhakimiyet.com\/index.php\/wp-json\/wp\/v2\/media\/1216"}],"wp:attachment":[{"href":"https:\/\/www.turhalhakimiyet.com\/index.php\/wp-json\/wp\/v2\/media?parent=1215"}],"wp:term":[{"taxonomy":"category","embeddable":true,"href":"https:\/\/www.turhalhakimiyet.com\/index.php\/wp-json\/wp\/v2\/categories?post=1215"},{"taxonomy":"post_tag","embeddable":true,"href":"https:\/\/www.turhalhakimiyet.com\/index.php\/wp-json\/wp\/v2\/tags?post=1215"}],"curies":[{"name":"wp","href":"https:\/\/api.w.org\/{rel}","templated":true}]}}