{"id":1227,"date":"2023-08-23T10:02:11","date_gmt":"2023-08-23T07:02:11","guid":{"rendered":"https:\/\/www.turhalhakimiyet.com\/?p=1227"},"modified":"2023-08-23T10:02:11","modified_gmt":"2023-08-23T07:02:11","slug":"dugun-icin-gitti-kazada-hayatini-kaybetti","status":"publish","type":"post","link":"https:\/\/www.turhalhakimiyet.com\/index.php\/dugun-icin-gitti-kazada-hayatini-kaybetti\/","title":{"rendered":"D\u00fc\u011f\u00fcn i\u00e7in gitti, kazada hayat\u0131n\u0131 kaybetti"},"content":{"rendered":"\n<p>Yozgat\u2019\u0131n Sorgun il\u00e7esinde 12 ki\u015finin \u00f6ld\u00fc\u011f\u00fc, 19 ki\u015finin de yaraland\u0131\u011f\u0131 kazada hayat\u0131n\u0131 kaybeden Serdar \u0130\u00e7elo\u011flu\u2019nun Sivas\u2019a d\u00fc\u011f\u00fcn i\u00e7in gitti\u011fi \u00f6\u011frenildi.<\/p>\n\n\n\n<p>Yozgat\u2019\u0131n Sorgun il\u00e7esine ba\u011fl\u0131 M\u00fckremin k\u00f6y\u00fc yak\u0131nlar\u0131nda ge\u00e7ti\u011fimiz g\u00fcnlerde gece saatlerinde yolcu otob\u00fcs\u00fcn\u00fcn \u015farampole devrilmesi sonucu 12 ki\u015fi hayat\u0131n\u0131 kaybetmi\u015f, 19 ki\u015fi yaralanm\u0131\u015ft\u0131. Kazada hayat\u0131n\u0131 kaybeden Tokat merkeze ba\u011fl\u0131 Yaydal\u0131 k\u00f6y\u00fc do\u011fumlu \u0130stanbul\u2019da ya\u015fayan Serdar \u0130\u00e7elo\u011flu\u2019nun (45) Sivas\u2019a akrabas\u0131n\u0131n d\u00fc\u011f\u00fcn\u00fc i\u00e7in gitti\u011fi \u00f6\u011frenildi. Sivas\u2019tan \u0130stanbul\u2019a d\u00f6n\u00fc\u015fte ya\u015fanan kaza sonucunda 2 \u00e7ocuk babas\u0131 Serdar \u0130\u00e7elo\u011flu hayat\u0131n\u0131 kaybederken, e\u015fi Hatice \u0130\u00e7elo\u011flu yaral\u0131 olarak hastaneye kald\u0131r\u0131ld\u0131. Adli i\u015flemlerin ard\u0131ndan \u0130\u00e7elo\u011flu\u2019nun cenazesi ge\u00e7ti\u011fimiz g\u00fcn memleketi Tokat\u2019a ula\u015ft\u0131r\u0131ld\u0131. Bug\u00fcn \u00f6\u011fle namaz\u0131n\u0131 m\u00fcteakip k\u0131l\u0131nan cenaze namaz\u0131na milletvekilleri ve akrabalar\u0131 kat\u0131ld\u0131. K\u0131l\u0131nan cenaze namaz\u0131n\u0131n ard\u0131ndan \u0130\u00e7elo\u011flu\u2019nun cenazesi Yayladal\u0131 k\u00f6y\u00fc mezarl\u0131\u011f\u0131na defnedildi.<br><\/p>\n\n\n\n<p>&#8220;D\u00fc\u011f\u00fcn i\u00e7in Sivas\u2019a gelmi\u015fti&#8221;<\/p>\n\n\n\n<p>\u0130\u00e7elo\u011flu\u2019nun k\u00f6y\u00fcn de\u011ferli insanlar\u0131ndan oldu\u011funu belirten Yayladal\u0131 k\u00f6y\u00fc muhtar\u0131 Mustafa Al, &#8220;Rahmetli Serdar karde\u015fimizin Sivas\u2019ta han\u0131m\u0131n\u0131n akrabalar\u0131 vard\u0131. \u0130stanbul\u2019da 2 ortak i\u015f kurmu\u015flard\u0131. D\u00fc\u011f\u00fcn i\u00e7in Sivas\u2019a gelmi\u015fti. Oradan sonra bizim buralar\u0131 da ziyaret etti. Buradan tekrar Sivas\u2019a gitti. Sivas\u2019tan da \u0130stanbul\u2019a giderken Yozgat Sorgun\u2019da bir kaza sonucu arkada\u015f\u0131m\u0131z\u0131 kaybettik. Rabbim mekan\u0131n\u0131 cennet eylesin. E\u015finin iyi durumda. Kaza esnas\u0131nda e\u015fi ile beraber bulunuyor&#8221; \u015feklinde konu\u015ftu.<\/p>\n","protected":false},"excerpt":{"rendered":"<p>Yozgat\u2019\u0131n Sorgun il\u00e7esinde 12 ki\u015finin \u00f6ld\u00fc\u011f\u00fc, 19 ki\u015finin de yaraland\u0131\u011f\u0131 kazada hayat\u0131n\u0131 kaybeden Serdar \u0130\u00e7elo\u011flu\u2019nun Sivas\u2019a d\u00fc\u011f\u00fcn i\u00e7in gitti\u011fi \u00f6\u011frenildi. Yozgat\u2019\u0131n Sorgun il\u00e7esine ba\u011fl\u0131 M\u00fckremin k\u00f6y\u00fc yak\u0131nlar\u0131nda ge\u00e7ti\u011fimiz g\u00fcnlerde gece saatlerinde yolcu otob\u00fcs\u00fcn\u00fcn \u015farampole devrilmesi sonucu 12 ki\u015fi hayat\u0131n\u0131 kaybetmi\u015f, 19 ki\u015fi yaralanm\u0131\u015ft\u0131. Kazada hayat\u0131n\u0131 kaybeden Tokat merkeze ba\u011fl\u0131 Yaydal\u0131 k\u00f6y\u00fc do\u011fumlu \u0130stanbul\u2019da ya\u015fayan Serdar [&hellip;]<\/p>\n","protected":false},"author":2,"featured_media":1228,"comment_status":"open","ping_status":"open","sticky":false,"template":"","format":"standard","meta":{"footnotes":""},"categories":[1],"tags":[],"class_list":["post-1227","post","type-post","status-publish","format-standard","has-post-thumbnail","hentry","category-turhal-haberleri"],"_links":{"self":[{"href":"https:\/\/www.turhalhakimiyet.com\/index.php\/wp-json\/wp\/v2\/posts\/1227","targetHints":{"allow":["GET"]}}],"collection":[{"href":"https:\/\/www.turhalhakimiyet.com\/index.php\/wp-json\/wp\/v2\/posts"}],"about":[{"href":"https:\/\/www.turhalhakimiyet.com\/index.php\/wp-json\/wp\/v2\/types\/post"}],"author":[{"embeddable":true,"href":"https:\/\/www.turhalhakimiyet.com\/index.php\/wp-json\/wp\/v2\/users\/2"}],"replies":[{"embeddable":true,"href":"https:\/\/www.turhalhakimiyet.com\/index.php\/wp-json\/wp\/v2\/comments?post=1227"}],"version-history":[{"count":1,"href":"https:\/\/www.turhalhakimiyet.com\/index.php\/wp-json\/wp\/v2\/posts\/1227\/revisions"}],"predecessor-version":[{"id":1229,"href":"https:\/\/www.turhalhakimiyet.com\/index.php\/wp-json\/wp\/v2\/posts\/1227\/revisions\/1229"}],"wp:featuredmedia":[{"embeddable":true,"href":"https:\/\/www.turhalhakimiyet.com\/index.php\/wp-json\/wp\/v2\/media\/1228"}],"wp:attachment":[{"href":"https:\/\/www.turhalhakimiyet.com\/index.php\/wp-json\/wp\/v2\/media?parent=1227"}],"wp:term":[{"taxonomy":"category","embeddable":true,"href":"https:\/\/www.turhalhakimiyet.com\/index.php\/wp-json\/wp\/v2\/categories?post=1227"},{"taxonomy":"post_tag","embeddable":true,"href":"https:\/\/www.turhalhakimiyet.com\/index.php\/wp-json\/wp\/v2\/tags?post=1227"}],"curies":[{"name":"wp","href":"https:\/\/api.w.org\/{rel}","templated":true}]}}