{"id":1233,"date":"2023-08-28T09:43:46","date_gmt":"2023-08-28T06:43:46","guid":{"rendered":"https:\/\/www.turhalhakimiyet.com\/?p=1233"},"modified":"2023-08-28T09:43:46","modified_gmt":"2023-08-28T06:43:46","slug":"nesli-tukenmekte-olan-kus-tokatta-goruldu","status":"publish","type":"post","link":"https:\/\/www.turhalhakimiyet.com\/index.php\/nesli-tukenmekte-olan-kus-tokatta-goruldu\/","title":{"rendered":"Nesli t\u00fckenmekte olan ku\u015f Tokat\u2019ta g\u00f6r\u00fcld\u00fc"},"content":{"rendered":"\n<p>Tokat\u2019ta nesli t\u00fckenmekte olan Balaban ku\u015fu, bir vatanda\u015f taraf\u0131ndan yaral\u0131 olarak bulundu tedavi edildi.<\/p>\n\n\n\n<p>Tokat\u2019\u0131n Zile il\u00e7esinde ak\u015fam saatlerinde Zile tren istasyonu yak\u0131nlar\u0131nda bulunan Serdar Deniz isimli vatanda\u015f, tren istasyonu \u00e7evresinde yaral\u0131 halde nesli t\u00fckenmekte olan Balaban ku\u015fu buldu. Buldu\u011fu ku\u015fun nesli t\u00fckenmekte olan Balaban ku\u015fu oldu\u011funu anlayan Deniz, ku\u015fun kanat k\u0131sm\u0131ndan yaral\u0131 oldu\u011funu fark etti. Ku\u015fu kendi imkanlar\u0131yla tedavi eden Deniz Balaban ku\u015funu do\u011fa sald\u0131.<\/p>\n","protected":false},"excerpt":{"rendered":"<p>Tokat\u2019ta nesli t\u00fckenmekte olan Balaban ku\u015fu, bir vatanda\u015f taraf\u0131ndan yaral\u0131 olarak bulundu tedavi edildi. Tokat\u2019\u0131n Zile il\u00e7esinde ak\u015fam saatlerinde Zile tren istasyonu yak\u0131nlar\u0131nda bulunan Serdar Deniz isimli vatanda\u015f, tren istasyonu \u00e7evresinde yaral\u0131 halde nesli t\u00fckenmekte olan Balaban ku\u015fu buldu. Buldu\u011fu ku\u015fun nesli t\u00fckenmekte olan Balaban ku\u015fu oldu\u011funu anlayan Deniz, ku\u015fun kanat k\u0131sm\u0131ndan yaral\u0131 oldu\u011funu fark [&hellip;]<\/p>\n","protected":false},"author":2,"featured_media":1234,"comment_status":"open","ping_status":"open","sticky":false,"template":"","format":"standard","meta":{"footnotes":""},"categories":[1],"tags":[],"class_list":["post-1233","post","type-post","status-publish","format-standard","has-post-thumbnail","hentry","category-turhal-haberleri"],"_links":{"self":[{"href":"https:\/\/www.turhalhakimiyet.com\/index.php\/wp-json\/wp\/v2\/posts\/1233","targetHints":{"allow":["GET"]}}],"collection":[{"href":"https:\/\/www.turhalhakimiyet.com\/index.php\/wp-json\/wp\/v2\/posts"}],"about":[{"href":"https:\/\/www.turhalhakimiyet.com\/index.php\/wp-json\/wp\/v2\/types\/post"}],"author":[{"embeddable":true,"href":"https:\/\/www.turhalhakimiyet.com\/index.php\/wp-json\/wp\/v2\/users\/2"}],"replies":[{"embeddable":true,"href":"https:\/\/www.turhalhakimiyet.com\/index.php\/wp-json\/wp\/v2\/comments?post=1233"}],"version-history":[{"count":1,"href":"https:\/\/www.turhalhakimiyet.com\/index.php\/wp-json\/wp\/v2\/posts\/1233\/revisions"}],"predecessor-version":[{"id":1235,"href":"https:\/\/www.turhalhakimiyet.com\/index.php\/wp-json\/wp\/v2\/posts\/1233\/revisions\/1235"}],"wp:featuredmedia":[{"embeddable":true,"href":"https:\/\/www.turhalhakimiyet.com\/index.php\/wp-json\/wp\/v2\/media\/1234"}],"wp:attachment":[{"href":"https:\/\/www.turhalhakimiyet.com\/index.php\/wp-json\/wp\/v2\/media?parent=1233"}],"wp:term":[{"taxonomy":"category","embeddable":true,"href":"https:\/\/www.turhalhakimiyet.com\/index.php\/wp-json\/wp\/v2\/categories?post=1233"},{"taxonomy":"post_tag","embeddable":true,"href":"https:\/\/www.turhalhakimiyet.com\/index.php\/wp-json\/wp\/v2\/tags?post=1233"}],"curies":[{"name":"wp","href":"https:\/\/api.w.org\/{rel}","templated":true}]}}