{"id":1238,"date":"2023-08-30T09:28:06","date_gmt":"2023-08-30T06:28:06","guid":{"rendered":"https:\/\/www.turhalhakimiyet.com\/?p=1238"},"modified":"2023-08-30T09:28:06","modified_gmt":"2023-08-30T06:28:06","slug":"askeri-aracin-devrilmesi-sonucu-sehit-olan-askerin-sehadet-haberi-ailesine-verildi","status":"publish","type":"post","link":"https:\/\/www.turhalhakimiyet.com\/index.php\/askeri-aracin-devrilmesi-sonucu-sehit-olan-askerin-sehadet-haberi-ailesine-verildi\/","title":{"rendered":"Askeri arac\u0131n devrilmesi sonucu \u015fehit olan askerin \u015fehadet haberi ailesine verildi"},"content":{"rendered":"\n<p>Pen\u00e7e Kilit Operasyonu\u2019nda askeri arac\u0131n devrilmesi sonucu \u015fehit olan P. Asb. Kd. \u00c7v\u015f. Bu\u011fra \u00c7algay\u2019\u0131n \u015fehadet haberi ailesine verildi.<br><\/p>\n\n\n\n<p>Tokat Valili\u011finin sosyal medya hesab\u0131ndan yap\u0131lan a\u00e7\u0131klama &#8220;Tokatl\u0131 hem\u015fehrimiz P. Asb. Kd. \u00c7v\u015f. Bu\u011fra \u00c7algay (29) Pen\u00e7e Kilit Operasyonu s\u0131ras\u0131nda askeri arac\u0131n devrilmesi sonucu \u015fehit olmu\u015ftur. \u015eehidimize Allah\u2019tan rahmet; ailesine, hem\u015fehrilerimize ve milletimize ba\u015fsa\u011fl\u0131\u011f\u0131 diliyoruz&#8221; denildi.<br><\/p>\n\n\n\n<p>\u00c7algay\u2019\u0131n \u015fehadet haberi Tokat\u2019ta merkezde bulunan baba evine ula\u015ft\u0131 ve T\u00fcrk bayraklar\u0131 as\u0131ld\u0131. \u015eehidin annesi \u015e\u00fckran \u00c7algay\u2019\u0131n ge\u00e7ti\u011fimiz y\u0131llarda vefat etti\u011fi, e\u015fi Esmanur \u00c7algay\u2019\u0131n ise \u00c7orum\u2019da ikamet etti\u011fi \u00f6\u011frenildi. Evli ve bir \u00e7ocuk babas\u0131 olan \u015eehit \u00c7algay\u2019\u0131n baba oca\u011f\u0131na, Tokat valisi Numan Hatipo\u011flu, \u0130l Emniyet M\u00fcd\u00fcr\u00fc Arma\u011fan Adnan Erdo\u011fan, Tokat Belediye Ba\u015fkan\u0131 Ey\u00fcp Ero\u011flu geldi.<\/p>\n\n\n\n<p><a rel=\"noreferrer noopener\" href=\"https:\/\/www.facebook.com\/sharer.php?u=https:\/\/www.iha.com.tr\/tokat-haberleri\/askeri-aracin-devrilmesi-sonucu-sehit-olan-askerin-sehadet-haberi-ailesine-verildi-30804432&amp;text=Askeri%20arac%C4%B1n%20devrilmesi%20sonucu%20%C5%9Fehit%20olan%20askerin%20%C5%9Fehadet%20haberi%20ailesine%20verildi&amp;via=\" target=\"_blank\"><\/a><a rel=\"noreferrer noopener\" href=\"https:\/\/twitter.com\/intent\/tweet?url=https:\/\/www.iha.com.tr\/tokat-haberleri\/askeri-aracin-devrilmesi-sonucu-sehit-olan-askerin-sehadet-haberi-ailesine-verildi-30804432&amp;text=Askeri%20arac%C4%B1n%20devrilmesi%20sonucu%20%C5%9Fehit%20olan%20askerin%20%C5%9Fehadet%20haberi%20ailesine%20verildi\" target=\"_blank\"><\/a><a rel=\"noreferrer noopener\" href=\"\/\/www.iha.com.tr\/tokat-haberleri\/askeri-aracin-devrilmesi-sonucu-sehit-olan-askerin-sehadet-haberi-ailesine-verildi-30804432\" target=\"_blank\"><\/a><a rel=\"noreferrer noopener\" href=\"mailto:?&amp;body=https:\/\/www.iha.com.tr\/tokat-haberleri\/askeri-aracin-devrilmesi-sonucu-sehit-olan-askerin-sehadet-haberi-ailesine-verildi-30804432&amp;subject=Askeri%20arac%C4%B1n%20devrilmesi%20sonucu%20%C5%9Fehit%20olan%20askerin%20%C5%9Fehadet%20haberi%20ailesine%20verildi\" target=\"_blank\"><\/a><a rel=\"noreferrer noopener\" href=\"https:\/\/telegram.me\/share\/url?url=https:\/\/www.iha.com.tr\/tokat-haberleri\/askeri-aracin-devrilmesi-sonucu-sehit-olan-askerin-sehadet-haberi-ailesine-verildi-30804432&amp;text=Askeri%20arac%C4%B1n%20devrilmesi%20sonucu%20%C5%9Fehit%20olan%20askerin%20%C5%9Fehadet%20haberi%20ailesine%20verildi\" target=\"_blank\"><\/a><a rel=\"noreferrer noopener\" href=\"https:\/\/www.linkedin.com\/shareArticle?url=https:\/\/www.iha.com.tr\/tokat-haberleri\/askeri-aracin-devrilmesi-sonucu-sehit-olan-askerin-sehadet-haberi-ailesine-verildi-30804432&amp;title=Askeri%20arac%C4%B1n%20devrilmesi%20sonucu%20%C5%9Fehit%20olan%20askerin%20%C5%9Fehadet%20haberi%20ailesine%20verildi\" target=\"_blank\"><\/a><\/p>\n","protected":false},"excerpt":{"rendered":"<p>Pen\u00e7e Kilit Operasyonu\u2019nda askeri arac\u0131n devrilmesi sonucu \u015fehit olan P. Asb. Kd. \u00c7v\u015f. Bu\u011fra \u00c7algay\u2019\u0131n \u015fehadet haberi ailesine verildi. Tokat Valili\u011finin sosyal medya hesab\u0131ndan yap\u0131lan a\u00e7\u0131klama &#8220;Tokatl\u0131 hem\u015fehrimiz P. Asb. Kd. \u00c7v\u015f. Bu\u011fra \u00c7algay (29) Pen\u00e7e Kilit Operasyonu s\u0131ras\u0131nda askeri arac\u0131n devrilmesi sonucu \u015fehit olmu\u015ftur. \u015eehidimize Allah\u2019tan rahmet; ailesine, hem\u015fehrilerimize ve milletimize ba\u015fsa\u011fl\u0131\u011f\u0131 diliyoruz&#8221; denildi. [&hellip;]<\/p>\n","protected":false},"author":2,"featured_media":1239,"comment_status":"open","ping_status":"open","sticky":false,"template":"","format":"standard","meta":{"footnotes":""},"categories":[1],"tags":[],"class_list":["post-1238","post","type-post","status-publish","format-standard","has-post-thumbnail","hentry","category-turhal-haberleri"],"_links":{"self":[{"href":"https:\/\/www.turhalhakimiyet.com\/index.php\/wp-json\/wp\/v2\/posts\/1238","targetHints":{"allow":["GET"]}}],"collection":[{"href":"https:\/\/www.turhalhakimiyet.com\/index.php\/wp-json\/wp\/v2\/posts"}],"about":[{"href":"https:\/\/www.turhalhakimiyet.com\/index.php\/wp-json\/wp\/v2\/types\/post"}],"author":[{"embeddable":true,"href":"https:\/\/www.turhalhakimiyet.com\/index.php\/wp-json\/wp\/v2\/users\/2"}],"replies":[{"embeddable":true,"href":"https:\/\/www.turhalhakimiyet.com\/index.php\/wp-json\/wp\/v2\/comments?post=1238"}],"version-history":[{"count":1,"href":"https:\/\/www.turhalhakimiyet.com\/index.php\/wp-json\/wp\/v2\/posts\/1238\/revisions"}],"predecessor-version":[{"id":1240,"href":"https:\/\/www.turhalhakimiyet.com\/index.php\/wp-json\/wp\/v2\/posts\/1238\/revisions\/1240"}],"wp:featuredmedia":[{"embeddable":true,"href":"https:\/\/www.turhalhakimiyet.com\/index.php\/wp-json\/wp\/v2\/media\/1239"}],"wp:attachment":[{"href":"https:\/\/www.turhalhakimiyet.com\/index.php\/wp-json\/wp\/v2\/media?parent=1238"}],"wp:term":[{"taxonomy":"category","embeddable":true,"href":"https:\/\/www.turhalhakimiyet.com\/index.php\/wp-json\/wp\/v2\/categories?post=1238"},{"taxonomy":"post_tag","embeddable":true,"href":"https:\/\/www.turhalhakimiyet.com\/index.php\/wp-json\/wp\/v2\/tags?post=1238"}],"curies":[{"name":"wp","href":"https:\/\/api.w.org\/{rel}","templated":true}]}}