{"id":1253,"date":"2023-09-18T08:55:07","date_gmt":"2023-09-18T05:55:07","guid":{"rendered":"https:\/\/www.turhalhakimiyet.com\/?p=1253"},"modified":"2023-09-18T08:55:07","modified_gmt":"2023-09-18T05:55:07","slug":"tokatta-ev-sahibi-ile-eski-kiraci-tartismasinda-kan-akti-ev-sahibi-oldu","status":"publish","type":"post","link":"https:\/\/www.turhalhakimiyet.com\/index.php\/tokatta-ev-sahibi-ile-eski-kiraci-tartismasinda-kan-akti-ev-sahibi-oldu\/","title":{"rendered":"Tokat\u2019ta ev sahibi ile eski kirac\u0131 tart\u0131\u015fmas\u0131nda kan akt\u0131, ev sahibi \u00f6ld\u00fc"},"content":{"rendered":"\n<p>Tokat\u2019\u0131n Niksar il\u00e7esinde ev sahibi ile eski kirac\u0131 aras\u0131nda \u00e7\u0131kan tart\u0131\u015fma sonucu b\u0131\u00e7aklanan ev sahibi hayat\u0131n\u0131 kaybetti.<\/p>\n\n\n\n<p>Melikgazi Mahallesi, D\u00f6rtyol mevkiinde meydana gelen olayda, emekli \u00f6\u011fretmen Sabit \u00dclker (68) evinin tadilat\u0131 ile u\u011fra\u015f\u0131rken, yan\u0131na gelen eski kirac\u0131s\u0131 M.A.\u015e (40) ile aralar\u0131nda tart\u0131\u015fma \u00e7\u0131kt\u0131. Tart\u0131\u015fman\u0131n b\u00fcy\u00fcmesi \u00fczerine eski kirac\u0131 M.A.\u015e yan\u0131nda bulunan b\u0131\u00e7akla \u00dclker\u2019i \u00e7e\u015fitli yerlerinden b\u0131\u00e7aklad\u0131.<\/p>\n\n\n\n<p>Kom\u015fular\u0131n ihbar\u0131 \u00fczerine olay yerine sevk edilen 112 sa\u011fl\u0131k ekipleri, ilk m\u00fcdahalenin ard\u0131ndan \u00dclker\u2019i Niksar Devlet Hastanesine kald\u0131rd\u0131. \u00dclker ard\u0131ndan Tokat GOP \u00dcniversite Hastanesine sevk edilirken ambulansta hayat\u0131n\u0131 kaybetti.<\/p>\n\n\n\n<p>Sabit \u00dclker\u2019i b\u0131\u00e7aklayarak olay yerinden ka\u00e7an eski kirac\u0131 M.A.\u015e ise polis ekiplerince k\u0131sa s\u00fcrede yakalanarak g\u00f6zalt\u0131na al\u0131nd\u0131.<\/p>\n\n\n\n<p>Olayla ilgili inceleme ba\u015flat\u0131ld\u0131.<\/p>\n\n\n\n<p><a rel=\"noreferrer noopener\" href=\"https:\/\/www.facebook.com\/sharer.php?u=https:\/\/www.iha.com.tr\/tokat-haberleri\/tokatta-ev-sahibi-ile-eski-kiraci-tartismasinda-kan-akti-ev-sahibi-oldu-33589645&amp;text=Tokat%E2%80%99ta%20ev%20sahibi%20ile%20eski%20kirac%C4%B1%20tart%C4%B1%C5%9Fmas%C4%B1nda%20kan%20akt%C4%B1,%20ev%20sahibi%20%C3%B6ld%C3%BC&amp;via=\" target=\"_blank\"><\/a><a rel=\"noreferrer noopener\" href=\"https:\/\/twitter.com\/intent\/tweet?url=https:\/\/www.iha.com.tr\/tokat-haberleri\/tokatta-ev-sahibi-ile-eski-kiraci-tartismasinda-kan-akti-ev-sahibi-oldu-33589645&amp;text=Tokat%E2%80%99ta%20ev%20sahibi%20ile%20eski%20kirac%C4%B1%20tart%C4%B1%C5%9Fmas%C4%B1nda%20kan%20akt%C4%B1,%20ev%20sahibi%20%C3%B6ld%C3%BC\" target=\"_blank\"><\/a><a rel=\"noreferrer noopener\" href=\"\/\/www.iha.com.tr\/tokat-haberleri\/tokatta-ev-sahibi-ile-eski-kiraci-tartismasinda-kan-akti-ev-sahibi-oldu-33589645\" target=\"_blank\"><\/a><a rel=\"noreferrer noopener\" href=\"mailto:?&amp;body=https:\/\/www.iha.com.tr\/tokat-haberleri\/tokatta-ev-sahibi-ile-eski-kiraci-tartismasinda-kan-akti-ev-sahibi-oldu-33589645&amp;subject=Tokat%E2%80%99ta%20ev%20sahibi%20ile%20eski%20kirac%C4%B1%20tart%C4%B1%C5%9Fmas%C4%B1nda%20kan%20akt%C4%B1,%20ev%20sahibi%20%C3%B6ld%C3%BC\" target=\"_blank\"><\/a><a rel=\"noreferrer noopener\" href=\"https:\/\/telegram.me\/share\/url?url=https:\/\/www.iha.com.tr\/tokat-haberleri\/tokatta-ev-sahibi-ile-eski-kiraci-tartismasinda-kan-akti-ev-sahibi-oldu-33589645&amp;text=Tokat%E2%80%99ta%20ev%20sahibi%20ile%20eski%20kirac%C4%B1%20tart%C4%B1%C5%9Fmas%C4%B1nda%20kan%20akt%C4%B1,%20ev%20sahibi%20%C3%B6ld%C3%BC\" target=\"_blank\"><\/a><a rel=\"noreferrer noopener\" href=\"https:\/\/www.linkedin.com\/shareArticle?url=https:\/\/www.iha.com.tr\/tokat-haberleri\/tokatta-ev-sahibi-ile-eski-kiraci-tartismasinda-kan-akti-ev-sahibi-oldu-33589645&amp;title=Tokat%E2%80%99ta%20ev%20sahibi%20ile%20eski%20kirac%C4%B1%20tart%C4%B1%C5%9Fmas%C4%B1nda%20kan%20akt%C4%B1,%20ev%20sahibi%20%C3%B6ld%C3%BC\" target=\"_blank\"><\/a><\/p>\n","protected":false},"excerpt":{"rendered":"<p>Tokat\u2019\u0131n Niksar il\u00e7esinde ev sahibi ile eski kirac\u0131 aras\u0131nda \u00e7\u0131kan tart\u0131\u015fma sonucu b\u0131\u00e7aklanan ev sahibi hayat\u0131n\u0131 kaybetti. Melikgazi Mahallesi, D\u00f6rtyol mevkiinde meydana gelen olayda, emekli \u00f6\u011fretmen Sabit \u00dclker (68) evinin tadilat\u0131 ile u\u011fra\u015f\u0131rken, yan\u0131na gelen eski kirac\u0131s\u0131 M.A.\u015e (40) ile aralar\u0131nda tart\u0131\u015fma \u00e7\u0131kt\u0131. Tart\u0131\u015fman\u0131n b\u00fcy\u00fcmesi \u00fczerine eski kirac\u0131 M.A.\u015e yan\u0131nda bulunan b\u0131\u00e7akla \u00dclker\u2019i \u00e7e\u015fitli yerlerinden [&hellip;]<\/p>\n","protected":false},"author":2,"featured_media":1254,"comment_status":"open","ping_status":"open","sticky":false,"template":"","format":"standard","meta":{"footnotes":""},"categories":[1],"tags":[],"class_list":["post-1253","post","type-post","status-publish","format-standard","has-post-thumbnail","hentry","category-turhal-haberleri"],"_links":{"self":[{"href":"https:\/\/www.turhalhakimiyet.com\/index.php\/wp-json\/wp\/v2\/posts\/1253","targetHints":{"allow":["GET"]}}],"collection":[{"href":"https:\/\/www.turhalhakimiyet.com\/index.php\/wp-json\/wp\/v2\/posts"}],"about":[{"href":"https:\/\/www.turhalhakimiyet.com\/index.php\/wp-json\/wp\/v2\/types\/post"}],"author":[{"embeddable":true,"href":"https:\/\/www.turhalhakimiyet.com\/index.php\/wp-json\/wp\/v2\/users\/2"}],"replies":[{"embeddable":true,"href":"https:\/\/www.turhalhakimiyet.com\/index.php\/wp-json\/wp\/v2\/comments?post=1253"}],"version-history":[{"count":1,"href":"https:\/\/www.turhalhakimiyet.com\/index.php\/wp-json\/wp\/v2\/posts\/1253\/revisions"}],"predecessor-version":[{"id":1255,"href":"https:\/\/www.turhalhakimiyet.com\/index.php\/wp-json\/wp\/v2\/posts\/1253\/revisions\/1255"}],"wp:featuredmedia":[{"embeddable":true,"href":"https:\/\/www.turhalhakimiyet.com\/index.php\/wp-json\/wp\/v2\/media\/1254"}],"wp:attachment":[{"href":"https:\/\/www.turhalhakimiyet.com\/index.php\/wp-json\/wp\/v2\/media?parent=1253"}],"wp:term":[{"taxonomy":"category","embeddable":true,"href":"https:\/\/www.turhalhakimiyet.com\/index.php\/wp-json\/wp\/v2\/categories?post=1253"},{"taxonomy":"post_tag","embeddable":true,"href":"https:\/\/www.turhalhakimiyet.com\/index.php\/wp-json\/wp\/v2\/tags?post=1253"}],"curies":[{"name":"wp","href":"https:\/\/api.w.org\/{rel}","templated":true}]}}