{"id":1256,"date":"2023-09-20T09:28:45","date_gmt":"2023-09-20T06:28:45","guid":{"rendered":"https:\/\/www.turhalhakimiyet.com\/?p=1256"},"modified":"2023-09-20T09:28:45","modified_gmt":"2023-09-20T06:28:45","slug":"viraji-alamayan-traktor-devrildi-1-olu-2-yarali","status":"publish","type":"post","link":"https:\/\/www.turhalhakimiyet.com\/index.php\/viraji-alamayan-traktor-devrildi-1-olu-2-yarali\/","title":{"rendered":"Viraj\u0131 alamayan trakt\u00f6r devrildi: 1 \u00f6l\u00fc, 2 yaral\u0131"},"content":{"rendered":"\n<h2 class=\"wp-block-heading\" id=\"content\">Tokat\u2019ta trakt\u00f6r\u00fcn devrilmesi sonucu meydana gelen kaza 1 ki\u015fi \u00f6ld\u00fc, 2 ki\u015fi yaraland\u0131.<\/h2>\n\n\n\n<p>Edinilen bilgilere g\u00f6re kaza; \u00f6\u011fle saatlerinde, Almus il\u00e7esinin \u00c7evreli beldesi Teknecik k\u00f6y\u00fc mevkiinde meydana geldi. Sivas\u2019\u0131n Yusufo\u011flan k\u00f6y\u00fcnden Almus istikametine giden H.K. idaresindeki 58 NP0 031 plakal\u0131 trakt\u00f6r, virajda, s\u00fcr\u00fcc\u00fcn\u00fcn direksiyon hakimiyetini kaybetmesi sonucunda devrildi. \u00c7evrede bulunan vatanda\u015flar\u0131n ihbar\u0131 \u00fczerine olay yerine 112 ekipleri sevk edildi. S\u00fcr\u00fcc\u00fcn\u00fcn yan\u0131nda bulunan arkada\u015f\u0131 \u0130brahim Do\u011fan, kaza yerinde ya\u015fam\u0131n\u0131 yitirdi. Yaralanan s\u00fcr\u00fcc\u00fc ve trakt\u00f6rde yolcu olarak bulunan R.\u00c7. (63), sa\u011fl\u0131k\u00e7\u0131lar\u0131n ilk m\u00fcdahalesinin ard\u0131ndan Almus Devlet Hastanesi\u2019ne kald\u0131r\u0131ld\u0131. S\u00fcr\u00fcc\u00fc Kalendar\u2019\u0131n ehliyetsiz oldu\u011fu \u00f6\u011frenilirken, jandarma kazayla ilgili inceleme ba\u015flatt\u0131.<\/p>\n","protected":false},"excerpt":{"rendered":"<p>Tokat\u2019ta trakt\u00f6r\u00fcn devrilmesi sonucu meydana gelen kaza 1 ki\u015fi \u00f6ld\u00fc, 2 ki\u015fi yaraland\u0131. Edinilen bilgilere g\u00f6re kaza; \u00f6\u011fle saatlerinde, Almus il\u00e7esinin \u00c7evreli beldesi Teknecik k\u00f6y\u00fc mevkiinde meydana geldi. Sivas\u2019\u0131n Yusufo\u011flan k\u00f6y\u00fcnden Almus istikametine giden H.K. idaresindeki 58 NP0 031 plakal\u0131 trakt\u00f6r, virajda, s\u00fcr\u00fcc\u00fcn\u00fcn direksiyon hakimiyetini kaybetmesi sonucunda devrildi. \u00c7evrede bulunan vatanda\u015flar\u0131n ihbar\u0131 \u00fczerine olay yerine [&hellip;]<\/p>\n","protected":false},"author":2,"featured_media":1257,"comment_status":"open","ping_status":"open","sticky":false,"template":"","format":"standard","meta":{"footnotes":""},"categories":[1],"tags":[],"class_list":["post-1256","post","type-post","status-publish","format-standard","has-post-thumbnail","hentry","category-turhal-haberleri"],"_links":{"self":[{"href":"https:\/\/www.turhalhakimiyet.com\/index.php\/wp-json\/wp\/v2\/posts\/1256","targetHints":{"allow":["GET"]}}],"collection":[{"href":"https:\/\/www.turhalhakimiyet.com\/index.php\/wp-json\/wp\/v2\/posts"}],"about":[{"href":"https:\/\/www.turhalhakimiyet.com\/index.php\/wp-json\/wp\/v2\/types\/post"}],"author":[{"embeddable":true,"href":"https:\/\/www.turhalhakimiyet.com\/index.php\/wp-json\/wp\/v2\/users\/2"}],"replies":[{"embeddable":true,"href":"https:\/\/www.turhalhakimiyet.com\/index.php\/wp-json\/wp\/v2\/comments?post=1256"}],"version-history":[{"count":1,"href":"https:\/\/www.turhalhakimiyet.com\/index.php\/wp-json\/wp\/v2\/posts\/1256\/revisions"}],"predecessor-version":[{"id":1258,"href":"https:\/\/www.turhalhakimiyet.com\/index.php\/wp-json\/wp\/v2\/posts\/1256\/revisions\/1258"}],"wp:featuredmedia":[{"embeddable":true,"href":"https:\/\/www.turhalhakimiyet.com\/index.php\/wp-json\/wp\/v2\/media\/1257"}],"wp:attachment":[{"href":"https:\/\/www.turhalhakimiyet.com\/index.php\/wp-json\/wp\/v2\/media?parent=1256"}],"wp:term":[{"taxonomy":"category","embeddable":true,"href":"https:\/\/www.turhalhakimiyet.com\/index.php\/wp-json\/wp\/v2\/categories?post=1256"},{"taxonomy":"post_tag","embeddable":true,"href":"https:\/\/www.turhalhakimiyet.com\/index.php\/wp-json\/wp\/v2\/tags?post=1256"}],"curies":[{"name":"wp","href":"https:\/\/api.w.org\/{rel}","templated":true}]}}