{"id":1259,"date":"2023-09-22T10:32:52","date_gmt":"2023-09-22T07:32:52","guid":{"rendered":"https:\/\/www.turhalhakimiyet.com\/?p=1259"},"modified":"2023-09-22T10:32:52","modified_gmt":"2023-09-22T07:32:52","slug":"devrilen-traktorun-altinda-kalarak-hayatini-kaybetti","status":"publish","type":"post","link":"https:\/\/www.turhalhakimiyet.com\/index.php\/devrilen-traktorun-altinda-kalarak-hayatini-kaybetti\/","title":{"rendered":"Devrilen trakt\u00f6r\u00fcn alt\u0131nda kalarak hayat\u0131n\u0131 kaybetti"},"content":{"rendered":"\n<p>Tokat\u2019ta direksiyon hakimiyetini kaybeden s\u00fcr\u00fcc\u00fc devrilen trakt\u00f6r\u00fcn alt\u0131nda kalarak hayat\u0131n\u0131 kaybetti.<\/p>\n\n\n\n<p>Edinilen bilgilere g\u00f6re kaza, Tokat\u2019\u0131n Niksar il\u00e7esine ba\u011fl\u0131 Kap\u0131a\u011fz\u0131 k\u00f6y\u00fcnde meydana geldi. Kap\u0131a\u011fz\u0131 k\u00f6y\u00fcnde ya\u015fayan D.H. (67) evinin bah\u00e7esinde s\u00fcrd\u00fc\u011f\u00fc 60 NB 046 plakal\u0131 trakt\u00f6r\u00fcn direksiyon hakimiyetini kaybetti. Direksiyon hakimiyetini kaybetmesi sonucunda trakt\u00f6r devrildi. Devrilme sonucu D.H. trakt\u00f6r\u00fcn alt\u0131nda kalarak hayat\u0131n\u0131 kaybetti. Olay yerinde bulunan vatanda\u015flar\u0131n ihbar\u0131 \u00fczerine olay yerine jandarma ekipleri sevk edildi. Olayla ilgili soru\u015fturma ba\u015flat\u0131ld\u0131.<\/p>\n\n\n\n<p><a rel=\"noreferrer noopener\" href=\"https:\/\/www.facebook.com\/sharer.php?u=https:\/\/www.iha.com.tr\/tokat-haberleri\/devrilen-traktorun-altinda-kalarak-hayatini-kaybetti-34411665&amp;text=Devrilen%20trakt%C3%B6r%C3%BCn%20alt%C4%B1nda%20kalarak%20hayat%C4%B1n%C4%B1%20kaybetti&amp;via=\" target=\"_blank\"><\/a><a rel=\"noreferrer noopener\" href=\"https:\/\/twitter.com\/intent\/tweet?url=https:\/\/www.iha.com.tr\/tokat-haberleri\/devrilen-traktorun-altinda-kalarak-hayatini-kaybetti-34411665&amp;text=Devrilen%20trakt%C3%B6r%C3%BCn%20alt%C4%B1nda%20kalarak%20hayat%C4%B1n%C4%B1%20kaybetti\" target=\"_blank\"><\/a><a rel=\"noreferrer noopener\" href=\"\/\/www.iha.com.tr\/tokat-haberleri\/devrilen-traktorun-altinda-kalarak-hayatini-kaybetti-34411665\" target=\"_blank\"><\/a><a rel=\"noreferrer noopener\" href=\"mailto:?&amp;body=https:\/\/www.iha.com.tr\/tokat-haberleri\/devrilen-traktorun-altinda-kalarak-hayatini-kaybetti-34411665&amp;subject=Devrilen%20trakt%C3%B6r%C3%BCn%20alt%C4%B1nda%20kalarak%20hayat%C4%B1n%C4%B1%20kaybetti\" target=\"_blank\"><\/a><a rel=\"noreferrer noopener\" href=\"https:\/\/telegram.me\/share\/url?url=https:\/\/www.iha.com.tr\/tokat-haberleri\/devrilen-traktorun-altinda-kalarak-hayatini-kaybetti-34411665&amp;text=Devrilen%20trakt%C3%B6r%C3%BCn%20alt%C4%B1nda%20kalarak%20hayat%C4%B1n%C4%B1%20kaybetti\" target=\"_blank\"><\/a><a rel=\"noreferrer noopener\" href=\"https:\/\/www.linkedin.com\/shareArticle?url=https:\/\/www.iha.com.tr\/tokat-haberleri\/devrilen-traktorun-altinda-kalarak-hayatini-kaybetti-34411665&amp;title=Devrilen%20trakt%C3%B6r%C3%BCn%20alt%C4%B1nda%20kalarak%20hayat%C4%B1n%C4%B1%20kaybetti\" target=\"_blank\"><\/a><\/p>\n","protected":false},"excerpt":{"rendered":"<p>Tokat\u2019ta direksiyon hakimiyetini kaybeden s\u00fcr\u00fcc\u00fc devrilen trakt\u00f6r\u00fcn alt\u0131nda kalarak hayat\u0131n\u0131 kaybetti. Edinilen bilgilere g\u00f6re kaza, Tokat\u2019\u0131n Niksar il\u00e7esine ba\u011fl\u0131 Kap\u0131a\u011fz\u0131 k\u00f6y\u00fcnde meydana geldi. Kap\u0131a\u011fz\u0131 k\u00f6y\u00fcnde ya\u015fayan D.H. (67) evinin bah\u00e7esinde s\u00fcrd\u00fc\u011f\u00fc 60 NB 046 plakal\u0131 trakt\u00f6r\u00fcn direksiyon hakimiyetini kaybetti. Direksiyon hakimiyetini kaybetmesi sonucunda trakt\u00f6r devrildi. Devrilme sonucu D.H. trakt\u00f6r\u00fcn alt\u0131nda kalarak hayat\u0131n\u0131 kaybetti. Olay yerinde [&hellip;]<\/p>\n","protected":false},"author":2,"featured_media":1260,"comment_status":"open","ping_status":"open","sticky":false,"template":"","format":"standard","meta":{"footnotes":""},"categories":[1],"tags":[],"class_list":["post-1259","post","type-post","status-publish","format-standard","has-post-thumbnail","hentry","category-turhal-haberleri"],"_links":{"self":[{"href":"https:\/\/www.turhalhakimiyet.com\/index.php\/wp-json\/wp\/v2\/posts\/1259","targetHints":{"allow":["GET"]}}],"collection":[{"href":"https:\/\/www.turhalhakimiyet.com\/index.php\/wp-json\/wp\/v2\/posts"}],"about":[{"href":"https:\/\/www.turhalhakimiyet.com\/index.php\/wp-json\/wp\/v2\/types\/post"}],"author":[{"embeddable":true,"href":"https:\/\/www.turhalhakimiyet.com\/index.php\/wp-json\/wp\/v2\/users\/2"}],"replies":[{"embeddable":true,"href":"https:\/\/www.turhalhakimiyet.com\/index.php\/wp-json\/wp\/v2\/comments?post=1259"}],"version-history":[{"count":1,"href":"https:\/\/www.turhalhakimiyet.com\/index.php\/wp-json\/wp\/v2\/posts\/1259\/revisions"}],"predecessor-version":[{"id":1261,"href":"https:\/\/www.turhalhakimiyet.com\/index.php\/wp-json\/wp\/v2\/posts\/1259\/revisions\/1261"}],"wp:featuredmedia":[{"embeddable":true,"href":"https:\/\/www.turhalhakimiyet.com\/index.php\/wp-json\/wp\/v2\/media\/1260"}],"wp:attachment":[{"href":"https:\/\/www.turhalhakimiyet.com\/index.php\/wp-json\/wp\/v2\/media?parent=1259"}],"wp:term":[{"taxonomy":"category","embeddable":true,"href":"https:\/\/www.turhalhakimiyet.com\/index.php\/wp-json\/wp\/v2\/categories?post=1259"},{"taxonomy":"post_tag","embeddable":true,"href":"https:\/\/www.turhalhakimiyet.com\/index.php\/wp-json\/wp\/v2\/tags?post=1259"}],"curies":[{"name":"wp","href":"https:\/\/api.w.org\/{rel}","templated":true}]}}