{"id":1278,"date":"2023-10-05T09:14:17","date_gmt":"2023-10-05T06:14:17","guid":{"rendered":"https:\/\/www.turhalhakimiyet.com\/?p=1278"},"modified":"2023-10-05T09:14:17","modified_gmt":"2023-10-05T06:14:17","slug":"tokatta-nesli-tukenme-tehlikesi-altinda-olan-vasak-goruntulendi","status":"publish","type":"post","link":"https:\/\/www.turhalhakimiyet.com\/index.php\/tokatta-nesli-tukenme-tehlikesi-altinda-olan-vasak-goruntulendi\/","title":{"rendered":"Tokat\u2019ta nesli t\u00fckenme tehlikesi alt\u0131nda olan va\u015fak g\u00f6r\u00fcnt\u00fclendi"},"content":{"rendered":"\n<h2 class=\"wp-block-heading\" id=\"content\">Tokat\u2019t\u0131n Almus il\u00e7esinde ormanl\u0131k alanda nesli t\u00fckenme tehlikesiyle kar\u015f\u0131 kar\u015f\u0131ya olan va\u015fak g\u00f6r\u00fcnt\u00fcledi.<\/h2>\n\n\n\n<p>Tokat\u2019\u0131n Almus il\u00e7esinde ormanl\u0131k alanda nesli t\u00fckenme tehlikesiyle kar\u015f\u0131 kar\u015f\u0131ya olan va\u015fak g\u00f6r\u00fcnt\u00fclendi. Va\u015fa\u011f\u0131 fark eden bir vatanda\u015f, arac\u0131n\u0131n i\u00e7erisinden o anlar\u0131 cep telefonuyla kaydetti. K\u0131sa s\u00fcreli g\u00f6z\u00fcken va\u015fak saniyeler i\u00e7inde kayboldu.<\/p>\n\n\n\n<p><a rel=\"noreferrer noopener\" href=\"https:\/\/www.facebook.com\/sharer.php?u=https:\/\/www.iha.com.tr\/tokat-haberleri\/tokatta-nesli-tukenme-tehlikesi-altinda-olan-vasak-goruntulendi-36586645&amp;text=Tokat%E2%80%99ta%20nesli%20t%C3%BCkenme%20tehlikesi%20alt%C4%B1nda%20olan%20va%C5%9Fak%20g%C3%B6r%C3%BCnt%C3%BClendi&amp;via=\" target=\"_blank\"><\/a><a rel=\"noreferrer noopener\" href=\"https:\/\/twitter.com\/intent\/tweet?url=https:\/\/www.iha.com.tr\/tokat-haberleri\/tokatta-nesli-tukenme-tehlikesi-altinda-olan-vasak-goruntulendi-36586645&amp;text=Tokat%E2%80%99ta%20nesli%20t%C3%BCkenme%20tehlikesi%20alt%C4%B1nda%20olan%20va%C5%9Fak%20g%C3%B6r%C3%BCnt%C3%BClendi\" target=\"_blank\"><\/a><a rel=\"noreferrer noopener\" href=\"\/\/www.iha.com.tr\/tokat-haberleri\/tokatta-nesli-tukenme-tehlikesi-altinda-olan-vasak-goruntulendi-36586645\" target=\"_blank\"><\/a><a rel=\"noreferrer noopener\" href=\"mailto:?&amp;body=https:\/\/www.iha.com.tr\/tokat-haberleri\/tokatta-nesli-tukenme-tehlikesi-altinda-olan-vasak-goruntulendi-36586645&amp;subject=Tokat%E2%80%99ta%20nesli%20t%C3%BCkenme%20tehlikesi%20alt%C4%B1nda%20olan%20va%C5%9Fak%20g%C3%B6r%C3%BCnt%C3%BClendi\" target=\"_blank\"><\/a><a rel=\"noreferrer noopener\" href=\"https:\/\/telegram.me\/share\/url?url=https:\/\/www.iha.com.tr\/tokat-haberleri\/tokatta-nesli-tukenme-tehlikesi-altinda-olan-vasak-goruntulendi-36586645&amp;text=Tokat%E2%80%99ta%20nesli%20t%C3%BCkenme%20tehlikesi%20alt%C4%B1nda%20olan%20va%C5%9Fak%20g%C3%B6r%C3%BCnt%C3%BClendi\" target=\"_blank\"><\/a><a rel=\"noreferrer noopener\" href=\"https:\/\/www.linkedin.com\/shareArticle?url=https:\/\/www.iha.com.tr\/tokat-haberleri\/tokatta-nesli-tukenme-tehlikesi-altinda-olan-vasak-goruntulendi-36586645&amp;title=Tokat%E2%80%99ta%20nesli%20t%C3%BCkenme%20tehlikesi%20alt%C4%B1nda%20olan%20va%C5%9Fak%20g%C3%B6r%C3%BCnt%C3%BClendi\" target=\"_blank\"><\/a><\/p>\n","protected":false},"excerpt":{"rendered":"<p>Tokat\u2019t\u0131n Almus il\u00e7esinde ormanl\u0131k alanda nesli t\u00fckenme tehlikesiyle kar\u015f\u0131 kar\u015f\u0131ya olan va\u015fak g\u00f6r\u00fcnt\u00fcledi. Tokat\u2019\u0131n Almus il\u00e7esinde ormanl\u0131k alanda nesli t\u00fckenme tehlikesiyle kar\u015f\u0131 kar\u015f\u0131ya olan va\u015fak g\u00f6r\u00fcnt\u00fclendi. Va\u015fa\u011f\u0131 fark eden bir vatanda\u015f, arac\u0131n\u0131n i\u00e7erisinden o anlar\u0131 cep telefonuyla kaydetti. K\u0131sa s\u00fcreli g\u00f6z\u00fcken va\u015fak saniyeler i\u00e7inde kayboldu.<\/p>\n","protected":false},"author":2,"featured_media":1279,"comment_status":"open","ping_status":"open","sticky":false,"template":"","format":"standard","meta":{"footnotes":""},"categories":[1],"tags":[],"class_list":["post-1278","post","type-post","status-publish","format-standard","has-post-thumbnail","hentry","category-turhal-haberleri"],"_links":{"self":[{"href":"https:\/\/www.turhalhakimiyet.com\/index.php\/wp-json\/wp\/v2\/posts\/1278","targetHints":{"allow":["GET"]}}],"collection":[{"href":"https:\/\/www.turhalhakimiyet.com\/index.php\/wp-json\/wp\/v2\/posts"}],"about":[{"href":"https:\/\/www.turhalhakimiyet.com\/index.php\/wp-json\/wp\/v2\/types\/post"}],"author":[{"embeddable":true,"href":"https:\/\/www.turhalhakimiyet.com\/index.php\/wp-json\/wp\/v2\/users\/2"}],"replies":[{"embeddable":true,"href":"https:\/\/www.turhalhakimiyet.com\/index.php\/wp-json\/wp\/v2\/comments?post=1278"}],"version-history":[{"count":1,"href":"https:\/\/www.turhalhakimiyet.com\/index.php\/wp-json\/wp\/v2\/posts\/1278\/revisions"}],"predecessor-version":[{"id":1280,"href":"https:\/\/www.turhalhakimiyet.com\/index.php\/wp-json\/wp\/v2\/posts\/1278\/revisions\/1280"}],"wp:featuredmedia":[{"embeddable":true,"href":"https:\/\/www.turhalhakimiyet.com\/index.php\/wp-json\/wp\/v2\/media\/1279"}],"wp:attachment":[{"href":"https:\/\/www.turhalhakimiyet.com\/index.php\/wp-json\/wp\/v2\/media?parent=1278"}],"wp:term":[{"taxonomy":"category","embeddable":true,"href":"https:\/\/www.turhalhakimiyet.com\/index.php\/wp-json\/wp\/v2\/categories?post=1278"},{"taxonomy":"post_tag","embeddable":true,"href":"https:\/\/www.turhalhakimiyet.com\/index.php\/wp-json\/wp\/v2\/tags?post=1278"}],"curies":[{"name":"wp","href":"https:\/\/api.w.org\/{rel}","templated":true}]}}