{"id":1309,"date":"2023-10-30T10:34:33","date_gmt":"2023-10-30T07:34:33","guid":{"rendered":"https:\/\/www.turhalhakimiyet.com\/?p=1309"},"modified":"2023-10-30T10:34:33","modified_gmt":"2023-10-30T07:34:33","slug":"koylerinde-cocuk-olmayinca-cumhuriyetin-100-yilini-ezberledikleri-siirlerle-kutladilar","status":"publish","type":"post","link":"https:\/\/www.turhalhakimiyet.com\/index.php\/koylerinde-cocuk-olmayinca-cumhuriyetin-100-yilini-ezberledikleri-siirlerle-kutladilar\/","title":{"rendered":"K\u00f6ylerinde \u00e7ocuk olmay\u0131nca Cumhuriyet\u2019in 100. y\u0131l\u0131n\u0131 ezberledikleri \u015fiirlerle kutlad\u0131lar"},"content":{"rendered":"\n<p>Tokat\u2019t\u0131n Zile il\u00e7esine ba\u011fl\u0131 \u00c7iftlik k\u00f6y\u00fcnde Cumhuriyet\u2019in 100. y\u0131l\u0131n\u0131 kutlayacak \u00e7ocuk bulamayan k\u00f6yl\u00fcler, \u00e7ocukken ezberledikleri \u015fiirlerle kutlama yapt\u0131.<\/p>\n\n\n\n<p>Tokat\u2019\u0131n Zile il\u00e7esine ba\u011fl\u0131 \u00c7iftlik k\u00f6y\u00fcnde Cumhuriyet\u2019in 100. y\u0131l co\u015fkusu farkl\u0131 bir \u015fekilde ya\u015fat\u0131ld\u0131. K\u00f6yde hane halk\u0131n\u0131n azl\u0131\u011f\u0131 ve \u00e7ocuk n\u00fcfusun olmay\u0131\u015f\u0131 Cumhuriyet\u2019in 100. y\u0131l co\u015fkusuna engel olmad\u0131. K\u00f6y halk\u0131 taraf\u0131ndan d\u00fczenlenen 100. y\u0131l kutlamalar\u0131nda k\u00f6yde bulunan vatanda\u015flar ilkokulda ezberledikleri \u015fiirleri okudular. K\u00f6y okulunun giri\u015finde yapt\u0131klar\u0131 etkinlikte \u00e7ocukken ezberledi\u011fi \u015fiirleri hat\u0131rlayanlar s\u0131ras\u0131yla okudu. O g\u00fczel anlar k\u00f6yde bulunan bir vatanda\u015f\u0131n cep telefonu kameras\u0131na yans\u0131d\u0131.<\/p>\n","protected":false},"excerpt":{"rendered":"<p>Tokat\u2019t\u0131n Zile il\u00e7esine ba\u011fl\u0131 \u00c7iftlik k\u00f6y\u00fcnde Cumhuriyet\u2019in 100. y\u0131l\u0131n\u0131 kutlayacak \u00e7ocuk bulamayan k\u00f6yl\u00fcler, \u00e7ocukken ezberledikleri \u015fiirlerle kutlama yapt\u0131. Tokat\u2019\u0131n Zile il\u00e7esine ba\u011fl\u0131 \u00c7iftlik k\u00f6y\u00fcnde Cumhuriyet\u2019in 100. y\u0131l co\u015fkusu farkl\u0131 bir \u015fekilde ya\u015fat\u0131ld\u0131. K\u00f6yde hane halk\u0131n\u0131n azl\u0131\u011f\u0131 ve \u00e7ocuk n\u00fcfusun olmay\u0131\u015f\u0131 Cumhuriyet\u2019in 100. y\u0131l co\u015fkusuna engel olmad\u0131. K\u00f6y halk\u0131 taraf\u0131ndan d\u00fczenlenen 100. y\u0131l kutlamalar\u0131nda k\u00f6yde bulunan [&hellip;]<\/p>\n","protected":false},"author":2,"featured_media":1310,"comment_status":"open","ping_status":"open","sticky":false,"template":"","format":"standard","meta":{"footnotes":""},"categories":[1],"tags":[],"class_list":["post-1309","post","type-post","status-publish","format-standard","has-post-thumbnail","hentry","category-turhal-haberleri"],"_links":{"self":[{"href":"https:\/\/www.turhalhakimiyet.com\/index.php\/wp-json\/wp\/v2\/posts\/1309","targetHints":{"allow":["GET"]}}],"collection":[{"href":"https:\/\/www.turhalhakimiyet.com\/index.php\/wp-json\/wp\/v2\/posts"}],"about":[{"href":"https:\/\/www.turhalhakimiyet.com\/index.php\/wp-json\/wp\/v2\/types\/post"}],"author":[{"embeddable":true,"href":"https:\/\/www.turhalhakimiyet.com\/index.php\/wp-json\/wp\/v2\/users\/2"}],"replies":[{"embeddable":true,"href":"https:\/\/www.turhalhakimiyet.com\/index.php\/wp-json\/wp\/v2\/comments?post=1309"}],"version-history":[{"count":1,"href":"https:\/\/www.turhalhakimiyet.com\/index.php\/wp-json\/wp\/v2\/posts\/1309\/revisions"}],"predecessor-version":[{"id":1311,"href":"https:\/\/www.turhalhakimiyet.com\/index.php\/wp-json\/wp\/v2\/posts\/1309\/revisions\/1311"}],"wp:featuredmedia":[{"embeddable":true,"href":"https:\/\/www.turhalhakimiyet.com\/index.php\/wp-json\/wp\/v2\/media\/1310"}],"wp:attachment":[{"href":"https:\/\/www.turhalhakimiyet.com\/index.php\/wp-json\/wp\/v2\/media?parent=1309"}],"wp:term":[{"taxonomy":"category","embeddable":true,"href":"https:\/\/www.turhalhakimiyet.com\/index.php\/wp-json\/wp\/v2\/categories?post=1309"},{"taxonomy":"post_tag","embeddable":true,"href":"https:\/\/www.turhalhakimiyet.com\/index.php\/wp-json\/wp\/v2\/tags?post=1309"}],"curies":[{"name":"wp","href":"https:\/\/api.w.org\/{rel}","templated":true}]}}