{"id":1315,"date":"2023-11-03T09:35:40","date_gmt":"2023-11-03T06:35:40","guid":{"rendered":"https:\/\/www.turhalhakimiyet.com\/?p=1315"},"modified":"2023-11-03T09:35:40","modified_gmt":"2023-11-03T06:35:40","slug":"tokat-belediye-meclisi-ortak-bildiri-yayinladi","status":"publish","type":"post","link":"https:\/\/www.turhalhakimiyet.com\/index.php\/tokat-belediye-meclisi-ortak-bildiri-yayinladi\/","title":{"rendered":"Tokat Belediye meclisi ortak bildiri yay\u0131nlad\u0131"},"content":{"rendered":"\n<p>Tokat Belediye meclisi ortak bildiri yay\u0131nlayarak \u0130srail\u2019in Filistin\u2019e yapt\u0131\u011f\u0131 sald\u0131r\u0131lar\u0131 k\u0131nad\u0131.<br><\/p>\n\n\n\n<p>Tokat Belediye meclisi \u0130srail\u2019in Filistin\u2019e yapt\u0131\u011f\u0131 sald\u0131r\u0131lar\u0131 k\u0131nayarak ortak bildiri yay\u0131nlad\u0131. Tokat Belediye Meclisi taraf\u0131ndan yap\u0131lan ortak a\u00e7\u0131klamada, &#8220;Her zaman mazlum ve ma\u011fdurlara kucak a\u00e7mas\u0131yla Darun Nas\u0131r yani yard\u0131m edenlerin \u015fehri olan Tokat\u2019tan, Tokat halk\u0131n\u0131n temsilcileri Tokat Belediye Meclisi olarak, b\u00fct\u00fcn d\u00fcnyaya \u0130srail\u2019in Filistinli karde\u015flerimize kar\u015f\u0131 yapt\u0131\u011f\u0131 barbarca sald\u0131r\u0131lar\u0131 k\u0131nama bildirimizi ilan ediyoruz. \u0130srail, sava\u015f hukukuna ayk\u0131r\u0131 olarak Filistinli karde\u015flerimizin, sivillerin, ya\u015fl\u0131lar\u0131n, \u00e7ocuklar\u0131n, kad\u0131nlar\u0131n, hastalar\u0131n \u00fczerine hastanelere, okullara, camilere, pazar yerlerine fosfor bombalar\u0131 ya\u011fd\u0131rarak insanl\u0131k tarihine kara bir leke olarak ge\u00e7en sava\u015f su\u00e7lar\u0131 i\u015flemektedir. D\u00fcnyan\u0131n g\u00f6z\u00fc \u00f6n\u00fcnde i\u015flenen bu g\u00f6z\u00fc d\u00f6nm\u00fc\u015f sald\u0131r\u0131lara, bu soyk\u0131r\u0131ma kar\u015f\u0131 uluslararas\u0131 kurulu\u015flar, d\u00fcnya devletleri sessizli\u011fini korumakta, yapt\u0131r\u0131m g\u00fcc\u00fcn\u00fc kullanmak i\u00e7in gerekli ad\u0131mlar\u0131 atma noktas\u0131nda geri durmaktad\u0131r&#8221; denildi.<br><\/p>\n\n\n\n<p>&#8220;Filistinli karde\u015flerimizin ac\u0131n\u0131 derinden ya\u015f\u0131yoruz&#8221;<br><\/p>\n\n\n\n<p>A\u00e7\u0131klaman\u0131n devam\u0131nda; &#8220;Binlerce kad\u0131n, \u00e7ocuk, hasta ve ya\u015fl\u0131 Filistinli karde\u015fimizin \u015fehit edildi\u011fi, yine binlercesinin yaraland\u0131\u011f\u0131 bu sald\u0131r\u0131lar\u0131 lanetliyoruz. Filistinli karde\u015flerimizin ac\u0131n\u0131 derinden ya\u015f\u0131yoruz. Rabbimiz \u015fehadet mertebesine ula\u015fanlar\u0131n \u015fehadetini makbul eylesin, yaral\u0131lara acil \u015fifalar versin. Bizler her zaman oldu\u011fu gibi yine ma\u011fdur ve mazlumlar\u0131n yan\u0131nda olmaya, Filistinli karde\u015flerimizin yan\u0131nda olmaya devam edece\u011fiz. Millet olarak, devlet olarak as\u0131rlard\u0131r b\u00fct\u00fcn milletlere \u00f6rnek olan soylu bir gelene\u011fe sahibiz. Devletimiz, milletimiz mazlum ve ma\u011fdurlar\u0131n yan\u0131nda olmas\u0131yla, d\u00fcnyada bar\u0131\u015f\u0131n h\u00fck\u00fcm s\u00fcrmesi i\u00e7in g\u00f6sterdi\u011fi \u00e7abalarla yine \u00f6rnek olmaktad\u0131r. Devletimiz, \u0130srail\u2019in i\u015fledi\u011fi soyk\u0131r\u0131ma, vah\u015fete kar\u015f\u0131 ortaya koydu\u011fu tav\u0131r ve uluslararas\u0131 toplumu aksiyon ald\u0131rmaya y\u00f6nelik \u00e7al\u0131\u015fmalar\u0131 ile \u00f6nc\u00fcl\u00fck etmektedir. Bizler de Tokat Belediyesinin b\u00fct\u00fcn parti gruplar\u0131 ve meclis \u00fcyeleri olarak, uluslararas\u0131 hukuku ve devlet ahlak\u0131n\u0131 hi\u00e7e sayarak sava\u015f su\u00e7lar\u0131 i\u015fleyen \u0130srail\u2019e kar\u015f\u0131 bu vah\u015fetin durdurulmas\u0131 i\u00e7in d\u00fcnya parlamentolar\u0131, uluslararas\u0131 toplum ve kurulu\u015flar\u0131n\u0131 gerekli tutumu g\u00f6stererek inisiyatif almaya, gerekli ad\u0131mlar\u0131 atmaya davet ediyoruz&#8221; ifadeleri kulland\u0131.<\/p>\n","protected":false},"excerpt":{"rendered":"<p>Tokat Belediye meclisi ortak bildiri yay\u0131nlayarak \u0130srail\u2019in Filistin\u2019e yapt\u0131\u011f\u0131 sald\u0131r\u0131lar\u0131 k\u0131nad\u0131. Tokat Belediye meclisi \u0130srail\u2019in Filistin\u2019e yapt\u0131\u011f\u0131 sald\u0131r\u0131lar\u0131 k\u0131nayarak ortak bildiri yay\u0131nlad\u0131. Tokat Belediye Meclisi taraf\u0131ndan yap\u0131lan ortak a\u00e7\u0131klamada, &#8220;Her zaman mazlum ve ma\u011fdurlara kucak a\u00e7mas\u0131yla Darun Nas\u0131r yani yard\u0131m edenlerin \u015fehri olan Tokat\u2019tan, Tokat halk\u0131n\u0131n temsilcileri Tokat Belediye Meclisi olarak, b\u00fct\u00fcn d\u00fcnyaya \u0130srail\u2019in Filistinli [&hellip;]<\/p>\n","protected":false},"author":2,"featured_media":1316,"comment_status":"open","ping_status":"open","sticky":false,"template":"","format":"standard","meta":{"footnotes":""},"categories":[1],"tags":[],"class_list":["post-1315","post","type-post","status-publish","format-standard","has-post-thumbnail","hentry","category-turhal-haberleri"],"_links":{"self":[{"href":"https:\/\/www.turhalhakimiyet.com\/index.php\/wp-json\/wp\/v2\/posts\/1315","targetHints":{"allow":["GET"]}}],"collection":[{"href":"https:\/\/www.turhalhakimiyet.com\/index.php\/wp-json\/wp\/v2\/posts"}],"about":[{"href":"https:\/\/www.turhalhakimiyet.com\/index.php\/wp-json\/wp\/v2\/types\/post"}],"author":[{"embeddable":true,"href":"https:\/\/www.turhalhakimiyet.com\/index.php\/wp-json\/wp\/v2\/users\/2"}],"replies":[{"embeddable":true,"href":"https:\/\/www.turhalhakimiyet.com\/index.php\/wp-json\/wp\/v2\/comments?post=1315"}],"version-history":[{"count":1,"href":"https:\/\/www.turhalhakimiyet.com\/index.php\/wp-json\/wp\/v2\/posts\/1315\/revisions"}],"predecessor-version":[{"id":1317,"href":"https:\/\/www.turhalhakimiyet.com\/index.php\/wp-json\/wp\/v2\/posts\/1315\/revisions\/1317"}],"wp:featuredmedia":[{"embeddable":true,"href":"https:\/\/www.turhalhakimiyet.com\/index.php\/wp-json\/wp\/v2\/media\/1316"}],"wp:attachment":[{"href":"https:\/\/www.turhalhakimiyet.com\/index.php\/wp-json\/wp\/v2\/media?parent=1315"}],"wp:term":[{"taxonomy":"category","embeddable":true,"href":"https:\/\/www.turhalhakimiyet.com\/index.php\/wp-json\/wp\/v2\/categories?post=1315"},{"taxonomy":"post_tag","embeddable":true,"href":"https:\/\/www.turhalhakimiyet.com\/index.php\/wp-json\/wp\/v2\/tags?post=1315"}],"curies":[{"name":"wp","href":"https:\/\/api.w.org\/{rel}","templated":true}]}}