{"id":1327,"date":"2023-11-13T10:11:04","date_gmt":"2023-11-13T07:11:04","guid":{"rendered":"https:\/\/www.turhalhakimiyet.com\/?p=1327"},"modified":"2023-11-13T10:11:04","modified_gmt":"2023-11-13T07:11:04","slug":"uzmani-uyardi-afete-hazirlik-icin-evlerimizde-riskleri-azaltacak-tedbirler-almaliyiz","status":"publish","type":"post","link":"https:\/\/www.turhalhakimiyet.com\/index.php\/uzmani-uyardi-afete-hazirlik-icin-evlerimizde-riskleri-azaltacak-tedbirler-almaliyiz\/","title":{"rendered":"Uzman\u0131 uyard\u0131: &#8220;Afete haz\u0131rl\u0131k i\u00e7in evlerimizde riskleri azaltacak tedbirler almal\u0131y\u0131z&#8221;"},"content":{"rendered":"\n<p>Afete haz\u0131rl\u0131k i\u00e7in evlerimizde riskleri azaltacak tedbirler almam\u0131z gerekti\u011fini belirten Do\u00e7. Dr. Ufuk S\u00f6zc\u00fc, depremde sabitlenmemi\u015f e\u015fyalar\u0131n yaralanmalar\u0131 artt\u0131rd\u0131\u011f\u0131n\u0131 belirtiyor.<\/p>\n\n\n\n<p>Tokat Gaziosmanpa\u015fa \u00dcniversitesi E\u011fitim Fak\u00fcltesi \u00f6\u011fretim \u00fcyesi Do\u00e7. Dr. Ufuk S\u00f6zc\u00fc, evlerde bulunan e\u015fyalar\u0131n sabitlenmesi gerekti\u011fini belirterek &#8220;1999 G\u00f6lc\u00fck ve D\u00fczce depremleri sonras\u0131nda yaralanmalar\u0131n y\u00fczde 50\u2019si \u00f6l\u00fcmlerinde y\u00fczde 3\u2019\u00fc yap\u0131sal olmayan durumlardan kaynaklanm\u0131\u015ft\u0131. E\u015fyalar\u0131n sabitlenmemesinden kaynaklanm\u0131\u015ft\u0131. Afete haz\u0131rl\u0131k i\u00e7in evlerimizde riskleri azaltacak tedbirler almal\u0131y\u0131z. Devrilebilecek e\u015fyalar\u0131 sabitlemeliyiz. Aile afet plan\u0131 yapmal\u0131 ve \u00e7antay\u0131 haz\u0131r tutmal\u0131y\u0131z. Bu \u015fekilde afetle ba\u015fa \u00e7\u0131km\u0131\u015f oluruz&#8221; dedi.<\/p>\n\n\n\n<p>&#8220;Yaralanmalar\u0131n y\u00fczde 50\u2019si \u00f6l\u00fcmlerinde y\u00fczde 3\u2019\u00fc yap\u0131sal olmayan durumlardan kaynaklanm\u0131\u015ft\u0131&#8221;<\/p>\n\n\n\n<p>Tokat Gaziosmanpa\u015fa \u00dcniversitesi E\u011fitim fak\u00fcltesi \u00f6\u011fretim \u00fcyesi Do\u00e7. Dr. Ufuk S\u00f6zc\u00fc, &#8220;T\u00fcrkiye ba\u015fta do\u011fal afetler olmak \u00fczere farkl\u0131 t\u00fcrde afetler ya\u015fand\u0131 ve ya\u015famaya devam etmekte. Gelecekte ya\u015fanacak afetlerin \u00f6n\u00fcne ge\u00e7ebilmek veya zararlar\u0131n\u0131 azaltmak bizim elimizdedir. Her ya\u015f grubundan insan\u0131n afet e\u011fitimi almas\u0131 gerekmektedir. Bu noktada afet okuryazarl\u0131\u011f\u0131 kavram\u0131na vurgu yapmak gerekmektedir. Sorumluluk sahibi bir vatanda\u015f olarak bireylerin risk fakt\u00f6rlerini azaltacak hayatta kalmas\u0131n\u0131 sa\u011flayacak bilgi ve davran\u0131\u015flara sahip olmas\u0131 gerekmektedir. G\u00f6r\u00fcld\u00fc\u011f\u00fc \u00fczere insan hayat\u0131 afet okuryazarl\u0131\u011f\u0131n da \u00f6nemli bir kavramd\u0131r. Bu nedenle vatanda\u015flar\u0131n afet \u00f6ncesinde, afet s\u0131ras\u0131nda ve sonras\u0131nda ne yapmas\u0131 gerekti\u011fini bilmesi bunu da hayata ge\u00e7irmesi gerekiyor. Fay hatlar\u0131n\u0131n ge\u00e7ti\u011fi, akarsu ve dere yataklar\u0131 veya dolgu arazilerin riskli oldu\u011funu bilmesi gerekiyor. Bu b\u00f6lgede ki evlerin sat\u0131n al\u0131nmamas\u0131 ve kiralanmamas\u0131 gerekiyor. 1999 G\u00f6lc\u00fck ve D\u00fczce depremleri sonras\u0131nda yaralanmalar\u0131n y\u00fczde 50\u2019si \u00f6l\u00fcmlerinde y\u00fczde 3\u2019\u00fc yap\u0131sal olmayan durumlardan kaynaklanm\u0131\u015ft\u0131. E\u015fyalar\u0131n sabitlenmemesinden kaynaklanm\u0131\u015ft\u0131. Afete haz\u0131rl\u0131k i\u00e7in evlerimizde riskleri azaltacak tedbirler almal\u0131y\u0131z. Devrilebilecek e\u015fyalar\u0131 sabitlemeliyiz. Aile afet plan\u0131 yapmal\u0131 ve \u00e7antay\u0131 haz\u0131r tutmal\u0131y\u0131z. Bu \u015fekilde afetle ba\u015fa \u00e7\u0131km\u0131\u015f oluruz&#8221; \u015feklinde konu\u015ftu.<\/p>\n","protected":false},"excerpt":{"rendered":"<p>Afete haz\u0131rl\u0131k i\u00e7in evlerimizde riskleri azaltacak tedbirler almam\u0131z gerekti\u011fini belirten Do\u00e7. Dr. Ufuk S\u00f6zc\u00fc, depremde sabitlenmemi\u015f e\u015fyalar\u0131n yaralanmalar\u0131 artt\u0131rd\u0131\u011f\u0131n\u0131 belirtiyor. Tokat Gaziosmanpa\u015fa \u00dcniversitesi E\u011fitim Fak\u00fcltesi \u00f6\u011fretim \u00fcyesi Do\u00e7. Dr. Ufuk S\u00f6zc\u00fc, evlerde bulunan e\u015fyalar\u0131n sabitlenmesi gerekti\u011fini belirterek &#8220;1999 G\u00f6lc\u00fck ve D\u00fczce depremleri sonras\u0131nda yaralanmalar\u0131n y\u00fczde 50\u2019si \u00f6l\u00fcmlerinde y\u00fczde 3\u2019\u00fc yap\u0131sal olmayan durumlardan kaynaklanm\u0131\u015ft\u0131. E\u015fyalar\u0131n sabitlenmemesinden [&hellip;]<\/p>\n","protected":false},"author":2,"featured_media":1328,"comment_status":"open","ping_status":"open","sticky":false,"template":"","format":"standard","meta":{"footnotes":""},"categories":[1],"tags":[],"class_list":["post-1327","post","type-post","status-publish","format-standard","has-post-thumbnail","hentry","category-turhal-haberleri"],"_links":{"self":[{"href":"https:\/\/www.turhalhakimiyet.com\/index.php\/wp-json\/wp\/v2\/posts\/1327","targetHints":{"allow":["GET"]}}],"collection":[{"href":"https:\/\/www.turhalhakimiyet.com\/index.php\/wp-json\/wp\/v2\/posts"}],"about":[{"href":"https:\/\/www.turhalhakimiyet.com\/index.php\/wp-json\/wp\/v2\/types\/post"}],"author":[{"embeddable":true,"href":"https:\/\/www.turhalhakimiyet.com\/index.php\/wp-json\/wp\/v2\/users\/2"}],"replies":[{"embeddable":true,"href":"https:\/\/www.turhalhakimiyet.com\/index.php\/wp-json\/wp\/v2\/comments?post=1327"}],"version-history":[{"count":1,"href":"https:\/\/www.turhalhakimiyet.com\/index.php\/wp-json\/wp\/v2\/posts\/1327\/revisions"}],"predecessor-version":[{"id":1329,"href":"https:\/\/www.turhalhakimiyet.com\/index.php\/wp-json\/wp\/v2\/posts\/1327\/revisions\/1329"}],"wp:featuredmedia":[{"embeddable":true,"href":"https:\/\/www.turhalhakimiyet.com\/index.php\/wp-json\/wp\/v2\/media\/1328"}],"wp:attachment":[{"href":"https:\/\/www.turhalhakimiyet.com\/index.php\/wp-json\/wp\/v2\/media?parent=1327"}],"wp:term":[{"taxonomy":"category","embeddable":true,"href":"https:\/\/www.turhalhakimiyet.com\/index.php\/wp-json\/wp\/v2\/categories?post=1327"},{"taxonomy":"post_tag","embeddable":true,"href":"https:\/\/www.turhalhakimiyet.com\/index.php\/wp-json\/wp\/v2\/tags?post=1327"}],"curies":[{"name":"wp","href":"https:\/\/api.w.org\/{rel}","templated":true}]}}