{"id":1330,"date":"2023-11-17T09:31:18","date_gmt":"2023-11-17T06:31:18","guid":{"rendered":"https:\/\/www.turhalhakimiyet.com\/?p=1330"},"modified":"2023-11-17T09:31:18","modified_gmt":"2023-11-17T06:31:18","slug":"tokatta-ciftcilere-tohumluk-patates-dagitildi","status":"publish","type":"post","link":"https:\/\/www.turhalhakimiyet.com\/index.php\/tokatta-ciftcilere-tohumluk-patates-dagitildi\/","title":{"rendered":"Tokat\u2019ta \u00e7ift\u00e7ilere tohumluk patates da\u011f\u0131t\u0131ld\u0131"},"content":{"rendered":"\n<p>Tokat Gaziosmanpa\u015fa \u00dcniversitesi taraf\u0131ndan \u00e7ift\u00e7ilere \u201cTohumluk Patates Da\u011f\u0131t\u0131m\u0131\u201d ger\u00e7ekle\u015ftirildi.<\/p>\n\n\n\n<p>Tokat Valili\u011fi \u0130l \u00d6zel \u0130daresi destekli projeler \u00e7er\u00e7evesinde Tokat Gaziosmanpa\u015fa \u00fcniversitesi taraf\u0131ndan \u201cTohumluk Patates Da\u011f\u0131t\u0131m\u0131\u201d t\u00f6reni ger\u00e7ekle\u015ftirildi. Re\u015fadiye Meslek Y\u00fcksekokulunda d\u00fczenlenen t\u00f6rene Re\u015fadiye Kaymakam\u0131 Ahmet Tan, Belediye Ba\u015fkan\u0131 Mustafa Y\u0131lmaz, Rekt\u00f6r Yard\u0131mc\u0131s\u0131 Prof. Dr. Rasim Ko\u00e7yi\u011fit, Ziraat Fak\u00fcltesi Dekan\u0131 Prof. Dr. R\u00fcstem Cangi, Tar\u0131m \u0130l M\u00fcd\u00fcr\u00fc Orhan \u015eahin, Re\u015fadiye Meslek Y\u00fcksekokulu M\u00fcd\u00fcr\u00fc \u00d6\u011fr. G\u00f6r. Dr. O\u011fuzhan S\u00f6nmez ve \u00fcreticiler kat\u0131ld\u0131.Proje y\u00fcr\u00fct\u00fcc\u00fcs\u00fc Do\u00e7. Dr. Yasin Bedrettin Karan yapm\u0131\u015f oldu\u011fu konu\u015fmada proje ile ilgili bilgiler aktard\u0131. Karan, patatesin ana vatan\u0131 ve tarih\u00e7esinden bahsederek patatesin insan sa\u011fl\u0131\u011f\u0131 i\u00e7in \u00f6nemine de\u011findi. Patates yeti\u015ftiricili\u011finde tohumluk \u00fcretiminin \u00f6nemine de\u011finen Karan, da\u011f\u0131t\u0131lan tohumluk \u00e7e\u015fidinin milli ve yerli \u00e7e\u015fit oldu\u011funu ifade etti.<\/p>\n\n\n\n<p>Rekt\u00f6r Yard\u0131mc\u0131s\u0131 Prof. Dr. Rasim Ko\u00e7yi\u011fit ise \u00fcniversite olarak Tokat tar\u0131m\u0131na \u00f6nemli katk\u0131lar sa\u011fland\u0131\u011f\u0131n\u0131 ifade ederek onlarca projenin devam etti\u011fini s\u00f6yledi. Tokat Gaziosmanpa\u015fa \u00dcniversitesi Rekt\u00f6r\u00fc Prof. Dr. Fatih Y\u0131lmaz\u2019\u0131n tar\u0131msal \u00fcretime ve \u00fcreticiye dokunan projelerin desteklenmesine vermi\u015f oldu\u011fu \u00f6nemden bahseden Ko\u00e7yi\u011fit, bu anlamda bir\u00e7ok projenin desteklendi\u011fini belirtti.<\/p>\n","protected":false},"excerpt":{"rendered":"<p>Tokat Gaziosmanpa\u015fa \u00dcniversitesi taraf\u0131ndan \u00e7ift\u00e7ilere \u201cTohumluk Patates Da\u011f\u0131t\u0131m\u0131\u201d ger\u00e7ekle\u015ftirildi. Tokat Valili\u011fi \u0130l \u00d6zel \u0130daresi destekli projeler \u00e7er\u00e7evesinde Tokat Gaziosmanpa\u015fa \u00fcniversitesi taraf\u0131ndan \u201cTohumluk Patates Da\u011f\u0131t\u0131m\u0131\u201d t\u00f6reni ger\u00e7ekle\u015ftirildi. Re\u015fadiye Meslek Y\u00fcksekokulunda d\u00fczenlenen t\u00f6rene Re\u015fadiye Kaymakam\u0131 Ahmet Tan, Belediye Ba\u015fkan\u0131 Mustafa Y\u0131lmaz, Rekt\u00f6r Yard\u0131mc\u0131s\u0131 Prof. Dr. Rasim Ko\u00e7yi\u011fit, Ziraat Fak\u00fcltesi Dekan\u0131 Prof. Dr. R\u00fcstem Cangi, Tar\u0131m \u0130l M\u00fcd\u00fcr\u00fc [&hellip;]<\/p>\n","protected":false},"author":2,"featured_media":1331,"comment_status":"open","ping_status":"open","sticky":false,"template":"","format":"standard","meta":{"footnotes":""},"categories":[1],"tags":[],"class_list":["post-1330","post","type-post","status-publish","format-standard","has-post-thumbnail","hentry","category-turhal-haberleri"],"_links":{"self":[{"href":"https:\/\/www.turhalhakimiyet.com\/index.php\/wp-json\/wp\/v2\/posts\/1330","targetHints":{"allow":["GET"]}}],"collection":[{"href":"https:\/\/www.turhalhakimiyet.com\/index.php\/wp-json\/wp\/v2\/posts"}],"about":[{"href":"https:\/\/www.turhalhakimiyet.com\/index.php\/wp-json\/wp\/v2\/types\/post"}],"author":[{"embeddable":true,"href":"https:\/\/www.turhalhakimiyet.com\/index.php\/wp-json\/wp\/v2\/users\/2"}],"replies":[{"embeddable":true,"href":"https:\/\/www.turhalhakimiyet.com\/index.php\/wp-json\/wp\/v2\/comments?post=1330"}],"version-history":[{"count":1,"href":"https:\/\/www.turhalhakimiyet.com\/index.php\/wp-json\/wp\/v2\/posts\/1330\/revisions"}],"predecessor-version":[{"id":1332,"href":"https:\/\/www.turhalhakimiyet.com\/index.php\/wp-json\/wp\/v2\/posts\/1330\/revisions\/1332"}],"wp:featuredmedia":[{"embeddable":true,"href":"https:\/\/www.turhalhakimiyet.com\/index.php\/wp-json\/wp\/v2\/media\/1331"}],"wp:attachment":[{"href":"https:\/\/www.turhalhakimiyet.com\/index.php\/wp-json\/wp\/v2\/media?parent=1330"}],"wp:term":[{"taxonomy":"category","embeddable":true,"href":"https:\/\/www.turhalhakimiyet.com\/index.php\/wp-json\/wp\/v2\/categories?post=1330"},{"taxonomy":"post_tag","embeddable":true,"href":"https:\/\/www.turhalhakimiyet.com\/index.php\/wp-json\/wp\/v2\/tags?post=1330"}],"curies":[{"name":"wp","href":"https:\/\/api.w.org\/{rel}","templated":true}]}}