{"id":1337,"date":"2023-11-24T09:29:05","date_gmt":"2023-11-24T06:29:05","guid":{"rendered":"https:\/\/www.turhalhakimiyet.com\/?p=1337"},"modified":"2023-11-24T09:29:05","modified_gmt":"2023-11-24T06:29:05","slug":"koy-muhtarini-vuran-sahis-adliyeye-kask-ve-celik-yelekle-getirildi","status":"publish","type":"post","link":"https:\/\/www.turhalhakimiyet.com\/index.php\/koy-muhtarini-vuran-sahis-adliyeye-kask-ve-celik-yelekle-getirildi\/","title":{"rendered":"K\u00f6y muhtar\u0131n\u0131 vuran \u015fah\u0131s adliyeye kask ve \u00e7elik yelekle getirildi"},"content":{"rendered":"\n<p>Ge\u00e7ti\u011fimiz gece Erbaa Tanoba k\u00f6y\u00fcnde ya\u015fanan olayda k\u00f6y muhtar\u0131n\u0131 vuran H\u00fcseyin H. adliyeye sevk edildi.<\/p>\n\n\n\n<p>Olay, ge\u00e7ti\u011fimiz gece Tokat\u2019\u0131n Erbaa il\u00e7esine ba\u011fl\u0131 Tanoba Kasabas\u0131nda meydana geldi. iddiaya g\u00f6re \u00e7ocuklar\u0131n kendi aralar\u0131nda \u00e7\u0131kan tart\u0131\u015fmaya babalar da dahil oldu. Aralar\u0131nda ge\u00e7mi\u015ften gelen husumetin de bulundu\u011fu babalar\u0131n tart\u0131\u015fmaya dahil olmas\u0131yla H\u00fcseyin N. ve Duran Kele\u015f aras\u0131nda ki tart\u0131\u015fma kavgaya d\u00f6n\u00fc\u015ft\u00fc. Kasaba merkezinde bulunan kahvede \u00e7\u0131kan kavgada H\u00fcseyin N. Tanoba Kasabas\u0131 Fevzipa\u015fa Mahallesi Muhtar\u0131 Duran Kele\u015f\u2019i silahla 5 el ate\u015f ederek vurdu. Duran Kele\u015f olayda hayat\u0131n\u0131 kaybederken H\u00fcseyin N. JASAT ekipleri taraf\u0131ndan ormanl\u0131k alanda yakaland\u0131. Emniyetteki i\u015flemleri tamamlanan H\u00fcseyin N. y\u00fcksek g\u00fcvenlik \u00f6nlemleri alt\u0131nda adliyeye sevk edildi. H\u00fcseyin N. Adliye binas\u0131na \u00e7elik yelek ve kask ile getirildi.<\/p>\n\n\n\n<p><a href=\"https:\/\/www.facebook.com\/sharer.php?u=https:\/\/www.iha.com.tr\/tokat-haberleri\/koy-muhtarini-vuran-sahis-adliyeye-kask-ve-celik-yelekle-getirildi-44048785&amp;text=K%C3%B6y%20muhtar%C4%B1n%C4%B1%20vuran%20%C5%9Fah%C4%B1s%20adliyeye%20kask%20ve%20%C3%A7elik%20yelekle%20getirildi&amp;via=\" target=\"_blank\" rel=\"noreferrer noopener\"><\/a><a href=\"https:\/\/twitter.com\/intent\/tweet?url=https:\/\/www.iha.com.tr\/tokat-haberleri\/koy-muhtarini-vuran-sahis-adliyeye-kask-ve-celik-yelekle-getirildi-44048785&amp;text=K%C3%B6y%20muhtar%C4%B1n%C4%B1%20vuran%20%C5%9Fah%C4%B1s%20adliyeye%20kask%20ve%20%C3%A7elik%20yelekle%20getirildi\" target=\"_blank\" rel=\"noreferrer noopener\"><\/a><a href=\"\/\/www.iha.com.tr\/tokat-haberleri\/koy-muhtarini-vuran-sahis-adliyeye-kask-ve-celik-yelekle-getirildi-44048785\" target=\"_blank\" rel=\"noreferrer noopener\"><\/a><a href=\"mailto:?&amp;body=https:\/\/www.iha.com.tr\/tokat-haberleri\/koy-muhtarini-vuran-sahis-adliyeye-kask-ve-celik-yelekle-getirildi-44048785&amp;subject=K%C3%B6y%20muhtar%C4%B1n%C4%B1%20vuran%20%C5%9Fah%C4%B1s%20adliyeye%20kask%20ve%20%C3%A7elik%20yelekle%20getirildi\" target=\"_blank\" rel=\"noreferrer noopener\"><\/a><a href=\"https:\/\/telegram.me\/share\/url?url=https:\/\/www.iha.com.tr\/tokat-haberleri\/koy-muhtarini-vuran-sahis-adliyeye-kask-ve-celik-yelekle-getirildi-44048785&amp;text=K%C3%B6y%20muhtar%C4%B1n%C4%B1%20vuran%20%C5%9Fah%C4%B1s%20adliyeye%20kask%20ve%20%C3%A7elik%20yelekle%20getirildi\" target=\"_blank\" rel=\"noreferrer noopener\"><\/a><a href=\"https:\/\/www.linkedin.com\/shareArticle?url=https:\/\/www.iha.com.tr\/tokat-haberleri\/koy-muhtarini-vuran-sahis-adliyeye-kask-ve-celik-yelekle-getirildi-44048785&amp;title=K%C3%B6y%20muhtar%C4%B1n%C4%B1%20vuran%20%C5%9Fah%C4%B1s%20adliyeye%20kask%20ve%20%C3%A7elik%20yelekle%20getirildi\" target=\"_blank\" rel=\"noreferrer noopener\"><\/a><\/p>\n","protected":false},"excerpt":{"rendered":"<p>Ge\u00e7ti\u011fimiz gece Erbaa Tanoba k\u00f6y\u00fcnde ya\u015fanan olayda k\u00f6y muhtar\u0131n\u0131 vuran H\u00fcseyin H. adliyeye sevk edildi. Olay, ge\u00e7ti\u011fimiz gece Tokat\u2019\u0131n Erbaa il\u00e7esine ba\u011fl\u0131 Tanoba Kasabas\u0131nda meydana geldi. iddiaya g\u00f6re \u00e7ocuklar\u0131n kendi aralar\u0131nda \u00e7\u0131kan tart\u0131\u015fmaya babalar da dahil oldu. Aralar\u0131nda ge\u00e7mi\u015ften gelen husumetin de bulundu\u011fu babalar\u0131n tart\u0131\u015fmaya dahil olmas\u0131yla H\u00fcseyin N. ve Duran Kele\u015f aras\u0131nda ki tart\u0131\u015fma [&hellip;]<\/p>\n","protected":false},"author":2,"featured_media":1338,"comment_status":"open","ping_status":"open","sticky":false,"template":"","format":"standard","meta":{"footnotes":""},"categories":[1],"tags":[],"class_list":["post-1337","post","type-post","status-publish","format-standard","has-post-thumbnail","hentry","category-turhal-haberleri"],"_links":{"self":[{"href":"https:\/\/www.turhalhakimiyet.com\/index.php\/wp-json\/wp\/v2\/posts\/1337","targetHints":{"allow":["GET"]}}],"collection":[{"href":"https:\/\/www.turhalhakimiyet.com\/index.php\/wp-json\/wp\/v2\/posts"}],"about":[{"href":"https:\/\/www.turhalhakimiyet.com\/index.php\/wp-json\/wp\/v2\/types\/post"}],"author":[{"embeddable":true,"href":"https:\/\/www.turhalhakimiyet.com\/index.php\/wp-json\/wp\/v2\/users\/2"}],"replies":[{"embeddable":true,"href":"https:\/\/www.turhalhakimiyet.com\/index.php\/wp-json\/wp\/v2\/comments?post=1337"}],"version-history":[{"count":1,"href":"https:\/\/www.turhalhakimiyet.com\/index.php\/wp-json\/wp\/v2\/posts\/1337\/revisions"}],"predecessor-version":[{"id":1339,"href":"https:\/\/www.turhalhakimiyet.com\/index.php\/wp-json\/wp\/v2\/posts\/1337\/revisions\/1339"}],"wp:featuredmedia":[{"embeddable":true,"href":"https:\/\/www.turhalhakimiyet.com\/index.php\/wp-json\/wp\/v2\/media\/1338"}],"wp:attachment":[{"href":"https:\/\/www.turhalhakimiyet.com\/index.php\/wp-json\/wp\/v2\/media?parent=1337"}],"wp:term":[{"taxonomy":"category","embeddable":true,"href":"https:\/\/www.turhalhakimiyet.com\/index.php\/wp-json\/wp\/v2\/categories?post=1337"},{"taxonomy":"post_tag","embeddable":true,"href":"https:\/\/www.turhalhakimiyet.com\/index.php\/wp-json\/wp\/v2\/tags?post=1337"}],"curies":[{"name":"wp","href":"https:\/\/api.w.org\/{rel}","templated":true}]}}