{"id":1342,"date":"2023-11-27T10:04:16","date_gmt":"2023-11-27T07:04:16","guid":{"rendered":"https:\/\/www.turhalhakimiyet.com\/?p=1342"},"modified":"2023-11-27T10:04:16","modified_gmt":"2023-11-27T07:04:16","slug":"tokatta-firtina-hayati-olumsuz-etkiledi","status":"publish","type":"post","link":"https:\/\/www.turhalhakimiyet.com\/index.php\/tokatta-firtina-hayati-olumsuz-etkiledi\/","title":{"rendered":"Tokat\u2019ta f\u0131rt\u0131na hayat\u0131 olumsuz etkiledi"},"content":{"rendered":"\n<p>Meteoroloji Genel M\u00fcd\u00fcrl\u00fc\u011f\u00fcn\u00fcn sar\u0131 kod ile uyard\u0131\u011f\u0131 Tokat\u2019ta f\u0131rt\u0131na hayat\u0131 olumsuz etkiledi, bir benzin istasyonun \u00e7at\u0131s\u0131 u\u00e7tu.<\/p>\n\n\n\n<p>Meteoroloji Genel M\u00fcd\u00fcrl\u00fc\u011f\u00fcn\u00fcn ge\u00e7ti\u011fimiz g\u00fcn yapt\u0131\u011f\u0131 uyar\u0131n\u0131n ard\u0131ndan Tokat merkez ve il\u00e7elerinde f\u0131rt\u0131na etkili oldu. Sabah saatlerinden sonra etkisini artt\u0131ran f\u0131rt\u0131na hayat\u0131 olumsuz etkiledi. Tokat\u2019ta a\u011fa\u00e7lar\u0131n devrilmesine sebebiyet veren a\u015f\u0131r\u0131 r\u00fczgar il\u00e7elerde de etkisini g\u00f6sterdi. Tokat\u2019\u0131n Erbaa il\u00e7esinde bir benzin istasyonun \u00e7at\u0131s\u0131 f\u0131rt\u0131na sebebiyle u\u00e7tu. \u00c7at\u0131n\u0131n alt\u0131ndan ge\u00e7en vatanda\u015flar ise tehlikeden k\u0131l pay\u0131 kurtuldu. O anlar \u00e7evrede bulunan bir vatanda\u015f\u0131n cep telefonu kameras\u0131na yans\u0131d\u0131. Tokat\u2019\u0131n Niksar il\u00e7esinde de etkili olan f\u0131rt\u0131na, Niksar il\u00e7esinde k\u00f6pr\u00fc \u00fczerindeki demir levhay\u0131 devirdi. Demir levhan\u0131n devrilmesi sonucunda Tokat-Niksar karayolu bir s\u00fcreli\u011fine trafi\u011fe kapand\u0131.<\/p>\n","protected":false},"excerpt":{"rendered":"<p>Meteoroloji Genel M\u00fcd\u00fcrl\u00fc\u011f\u00fcn\u00fcn sar\u0131 kod ile uyard\u0131\u011f\u0131 Tokat\u2019ta f\u0131rt\u0131na hayat\u0131 olumsuz etkiledi, bir benzin istasyonun \u00e7at\u0131s\u0131 u\u00e7tu. Meteoroloji Genel M\u00fcd\u00fcrl\u00fc\u011f\u00fcn\u00fcn ge\u00e7ti\u011fimiz g\u00fcn yapt\u0131\u011f\u0131 uyar\u0131n\u0131n ard\u0131ndan Tokat merkez ve il\u00e7elerinde f\u0131rt\u0131na etkili oldu. Sabah saatlerinden sonra etkisini artt\u0131ran f\u0131rt\u0131na hayat\u0131 olumsuz etkiledi. Tokat\u2019ta a\u011fa\u00e7lar\u0131n devrilmesine sebebiyet veren a\u015f\u0131r\u0131 r\u00fczgar il\u00e7elerde de etkisini g\u00f6sterdi. Tokat\u2019\u0131n Erbaa il\u00e7esinde [&hellip;]<\/p>\n","protected":false},"author":2,"featured_media":1343,"comment_status":"open","ping_status":"open","sticky":false,"template":"","format":"standard","meta":{"footnotes":""},"categories":[1],"tags":[],"class_list":["post-1342","post","type-post","status-publish","format-standard","has-post-thumbnail","hentry","category-turhal-haberleri"],"_links":{"self":[{"href":"https:\/\/www.turhalhakimiyet.com\/index.php\/wp-json\/wp\/v2\/posts\/1342","targetHints":{"allow":["GET"]}}],"collection":[{"href":"https:\/\/www.turhalhakimiyet.com\/index.php\/wp-json\/wp\/v2\/posts"}],"about":[{"href":"https:\/\/www.turhalhakimiyet.com\/index.php\/wp-json\/wp\/v2\/types\/post"}],"author":[{"embeddable":true,"href":"https:\/\/www.turhalhakimiyet.com\/index.php\/wp-json\/wp\/v2\/users\/2"}],"replies":[{"embeddable":true,"href":"https:\/\/www.turhalhakimiyet.com\/index.php\/wp-json\/wp\/v2\/comments?post=1342"}],"version-history":[{"count":1,"href":"https:\/\/www.turhalhakimiyet.com\/index.php\/wp-json\/wp\/v2\/posts\/1342\/revisions"}],"predecessor-version":[{"id":1344,"href":"https:\/\/www.turhalhakimiyet.com\/index.php\/wp-json\/wp\/v2\/posts\/1342\/revisions\/1344"}],"wp:featuredmedia":[{"embeddable":true,"href":"https:\/\/www.turhalhakimiyet.com\/index.php\/wp-json\/wp\/v2\/media\/1343"}],"wp:attachment":[{"href":"https:\/\/www.turhalhakimiyet.com\/index.php\/wp-json\/wp\/v2\/media?parent=1342"}],"wp:term":[{"taxonomy":"category","embeddable":true,"href":"https:\/\/www.turhalhakimiyet.com\/index.php\/wp-json\/wp\/v2\/categories?post=1342"},{"taxonomy":"post_tag","embeddable":true,"href":"https:\/\/www.turhalhakimiyet.com\/index.php\/wp-json\/wp\/v2\/tags?post=1342"}],"curies":[{"name":"wp","href":"https:\/\/api.w.org\/{rel}","templated":true}]}}