{"id":1354,"date":"2023-12-11T09:51:22","date_gmt":"2023-12-11T06:51:22","guid":{"rendered":"https:\/\/www.turhalhakimiyet.com\/?p=1354"},"modified":"2023-12-11T09:51:22","modified_gmt":"2023-12-11T06:51:22","slug":"tokatta-2-gun-arayla-dogan-yavru-hayvanlar-sasirtti","status":"publish","type":"post","link":"https:\/\/www.turhalhakimiyet.com\/index.php\/tokatta-2-gun-arayla-dogan-yavru-hayvanlar-sasirtti\/","title":{"rendered":"Tokat\u2019ta 2 g\u00fcn arayla do\u011fan yavru hayvanlar \u015fa\u015f\u0131rtt\u0131"},"content":{"rendered":"\n<p>Tokat\u2019ta ge\u00e7ti\u011fimiz g\u00fcnlerde \u00e7ift ba\u015fl\u0131 buza\u011f\u0131n\u0131n do\u011fdu\u011fu k\u00f6yde daha \u00f6nce de bir kuzunun \u00f6n ayak t\u0131rnaklar\u0131n\u0131n ters olarak do\u011fdu\u011fu ortaya \u00e7\u0131kt\u0131.<\/p>\n\n\n\n<p>Niksar il\u00e7esine ba\u011fl\u0131 \u00c7i\u00e7ekli k\u00f6y\u00fcnde iki g\u00fcn arayla garip hayvan do\u011fumlar\u0131 ger\u00e7ekle\u015fti. Aykut Eraslan\u2019a ait yeni do\u011fan kuzunun \u00f6n iki ayak t\u0131rna\u011f\u0131n\u0131n ters oldu\u011fu fark edildi. Ayak t\u0131rnaklar\u0131 ters olarak d\u00fcnyaya gelen kuzuyu g\u00f6renler hayretler i\u00e7erisine d\u00fc\u015ft\u00fc. Kuzunun do\u011fumundan 2 g\u00fcn sonra ise R\u00fcsdem Kahraman\u2019a ait inek do\u011fum yapt\u0131. Buza\u011f\u0131n\u0131n \u00e7ift ba\u015fl\u0131 olarak d\u00fcnyaya gelmesi \u015fa\u015f\u0131rtt\u0131.<\/p>\n\n\n\n<p>2 g\u00fcn arayla ya\u015fanan ihayvan do\u011fumlar\u0131 k\u00f6y sakinlerini hayrete d\u00fc\u015f\u00fcrd\u00fc.<\/p>\n","protected":false},"excerpt":{"rendered":"<p>Tokat\u2019ta ge\u00e7ti\u011fimiz g\u00fcnlerde \u00e7ift ba\u015fl\u0131 buza\u011f\u0131n\u0131n do\u011fdu\u011fu k\u00f6yde daha \u00f6nce de bir kuzunun \u00f6n ayak t\u0131rnaklar\u0131n\u0131n ters olarak do\u011fdu\u011fu ortaya \u00e7\u0131kt\u0131. Niksar il\u00e7esine ba\u011fl\u0131 \u00c7i\u00e7ekli k\u00f6y\u00fcnde iki g\u00fcn arayla garip hayvan do\u011fumlar\u0131 ger\u00e7ekle\u015fti. Aykut Eraslan\u2019a ait yeni do\u011fan kuzunun \u00f6n iki ayak t\u0131rna\u011f\u0131n\u0131n ters oldu\u011fu fark edildi. Ayak t\u0131rnaklar\u0131 ters olarak d\u00fcnyaya gelen kuzuyu g\u00f6renler [&hellip;]<\/p>\n","protected":false},"author":2,"featured_media":1355,"comment_status":"open","ping_status":"open","sticky":false,"template":"","format":"standard","meta":{"footnotes":""},"categories":[1],"tags":[],"class_list":["post-1354","post","type-post","status-publish","format-standard","has-post-thumbnail","hentry","category-turhal-haberleri"],"_links":{"self":[{"href":"https:\/\/www.turhalhakimiyet.com\/index.php\/wp-json\/wp\/v2\/posts\/1354","targetHints":{"allow":["GET"]}}],"collection":[{"href":"https:\/\/www.turhalhakimiyet.com\/index.php\/wp-json\/wp\/v2\/posts"}],"about":[{"href":"https:\/\/www.turhalhakimiyet.com\/index.php\/wp-json\/wp\/v2\/types\/post"}],"author":[{"embeddable":true,"href":"https:\/\/www.turhalhakimiyet.com\/index.php\/wp-json\/wp\/v2\/users\/2"}],"replies":[{"embeddable":true,"href":"https:\/\/www.turhalhakimiyet.com\/index.php\/wp-json\/wp\/v2\/comments?post=1354"}],"version-history":[{"count":1,"href":"https:\/\/www.turhalhakimiyet.com\/index.php\/wp-json\/wp\/v2\/posts\/1354\/revisions"}],"predecessor-version":[{"id":1356,"href":"https:\/\/www.turhalhakimiyet.com\/index.php\/wp-json\/wp\/v2\/posts\/1354\/revisions\/1356"}],"wp:featuredmedia":[{"embeddable":true,"href":"https:\/\/www.turhalhakimiyet.com\/index.php\/wp-json\/wp\/v2\/media\/1355"}],"wp:attachment":[{"href":"https:\/\/www.turhalhakimiyet.com\/index.php\/wp-json\/wp\/v2\/media?parent=1354"}],"wp:term":[{"taxonomy":"category","embeddable":true,"href":"https:\/\/www.turhalhakimiyet.com\/index.php\/wp-json\/wp\/v2\/categories?post=1354"},{"taxonomy":"post_tag","embeddable":true,"href":"https:\/\/www.turhalhakimiyet.com\/index.php\/wp-json\/wp\/v2\/tags?post=1354"}],"curies":[{"name":"wp","href":"https:\/\/api.w.org\/{rel}","templated":true}]}}