{"id":1357,"date":"2023-12-13T10:10:09","date_gmt":"2023-12-13T07:10:09","guid":{"rendered":"https:\/\/www.turhalhakimiyet.com\/?p=1357"},"modified":"2023-12-13T10:10:09","modified_gmt":"2023-12-13T07:10:09","slug":"baskan-sargin-cevreci-ogrencilere-odul-verdi","status":"publish","type":"post","link":"https:\/\/www.turhalhakimiyet.com\/index.php\/baskan-sargin-cevreci-ogrencilere-odul-verdi\/","title":{"rendered":"Ba\u015fkan Sarg\u0131n \u00c7evreci \u00d6\u011frencilere \u00d6d\u00fcl Verdi"},"content":{"rendered":"\n<p>Zile Belediyesinin ortaokul \u00f6\u011frencileri aras\u0131nda d\u00fczenledi\u011fi \u2018S\u0131f\u0131r At\u0131k\u2019 yar\u0131\u015fmas\u0131nda dereceye giren \u00f6\u011frencilere \u00f6d\u00fcllerini belediye ba\u015fkan\u0131 verdi.<\/p>\n\n\n\n<p>Zile Belediyesi, ortaokul \u00f6\u011frencileri aras\u0131nda d\u00fczenledi\u011fi \u2018S\u0131f\u0131r At\u0131k\u2019 yar\u0131\u015fmas\u0131nda dereceye giren \u00f6\u011frencilere \u00f6d\u00fcl verdi. Zile Belediye Ba\u015fkan\u0131 \u015e\u00fckr\u00fc Sarg\u0131n dereceye giren \u00f6\u011frencilere \u00f6d\u00fcllerini takdim etti. D\u00fczenlenen yar\u0131\u015fmada 1\u2019nci ve 2\u2019nci olanlara bisiklet verilirken 3\u2019nc\u00fc, 4\u2019nc\u00fc ve 5\u2019nci olan \u00f6\u011frencilere kol saati ve di\u011fer kat\u0131l\u0131mc\u0131lara ise Gazi Mustafa Kemal Atat\u00fcrk biblosu hediye verildi.<\/p>\n\n\n\n<p>&#8220;D\u00fcnya alarm vermeye ba\u015flad\u0131&#8221;<\/p>\n\n\n\n<p>D\u00fcnyan\u0131n en b\u00fcy\u00fck sorunlar\u0131ndan birisinin iklim de\u011fi\u015fikli\u011fi ve \u00e7evre oldu\u011funu ifade eden Ba\u015fkan Sarg\u0131n, \u201cArt\u0131k hissedilebilir bir \u015fekilde d\u00fcnya alarm vermeye ba\u015flad\u0131 ve \u00e7evre duyarl\u0131l\u0131\u011f\u0131n\u0131 art\u0131rmak i\u00e7in bu tarz aktivitelere \u00f6ncelik vermeyi s\u00fcrd\u00fcrece\u011fiz\u201d dedi.<\/p>\n","protected":false},"excerpt":{"rendered":"<p>Zile Belediyesinin ortaokul \u00f6\u011frencileri aras\u0131nda d\u00fczenledi\u011fi \u2018S\u0131f\u0131r At\u0131k\u2019 yar\u0131\u015fmas\u0131nda dereceye giren \u00f6\u011frencilere \u00f6d\u00fcllerini belediye ba\u015fkan\u0131 verdi. Zile Belediyesi, ortaokul \u00f6\u011frencileri aras\u0131nda d\u00fczenledi\u011fi \u2018S\u0131f\u0131r At\u0131k\u2019 yar\u0131\u015fmas\u0131nda dereceye giren \u00f6\u011frencilere \u00f6d\u00fcl verdi. Zile Belediye Ba\u015fkan\u0131 \u015e\u00fckr\u00fc Sarg\u0131n dereceye giren \u00f6\u011frencilere \u00f6d\u00fcllerini takdim etti. D\u00fczenlenen yar\u0131\u015fmada 1\u2019nci ve 2\u2019nci olanlara bisiklet verilirken 3\u2019nc\u00fc, 4\u2019nc\u00fc ve 5\u2019nci olan \u00f6\u011frencilere [&hellip;]<\/p>\n","protected":false},"author":2,"featured_media":1358,"comment_status":"open","ping_status":"open","sticky":false,"template":"","format":"standard","meta":{"footnotes":""},"categories":[1],"tags":[],"class_list":["post-1357","post","type-post","status-publish","format-standard","has-post-thumbnail","hentry","category-turhal-haberleri"],"_links":{"self":[{"href":"https:\/\/www.turhalhakimiyet.com\/index.php\/wp-json\/wp\/v2\/posts\/1357","targetHints":{"allow":["GET"]}}],"collection":[{"href":"https:\/\/www.turhalhakimiyet.com\/index.php\/wp-json\/wp\/v2\/posts"}],"about":[{"href":"https:\/\/www.turhalhakimiyet.com\/index.php\/wp-json\/wp\/v2\/types\/post"}],"author":[{"embeddable":true,"href":"https:\/\/www.turhalhakimiyet.com\/index.php\/wp-json\/wp\/v2\/users\/2"}],"replies":[{"embeddable":true,"href":"https:\/\/www.turhalhakimiyet.com\/index.php\/wp-json\/wp\/v2\/comments?post=1357"}],"version-history":[{"count":1,"href":"https:\/\/www.turhalhakimiyet.com\/index.php\/wp-json\/wp\/v2\/posts\/1357\/revisions"}],"predecessor-version":[{"id":1359,"href":"https:\/\/www.turhalhakimiyet.com\/index.php\/wp-json\/wp\/v2\/posts\/1357\/revisions\/1359"}],"wp:featuredmedia":[{"embeddable":true,"href":"https:\/\/www.turhalhakimiyet.com\/index.php\/wp-json\/wp\/v2\/media\/1358"}],"wp:attachment":[{"href":"https:\/\/www.turhalhakimiyet.com\/index.php\/wp-json\/wp\/v2\/media?parent=1357"}],"wp:term":[{"taxonomy":"category","embeddable":true,"href":"https:\/\/www.turhalhakimiyet.com\/index.php\/wp-json\/wp\/v2\/categories?post=1357"},{"taxonomy":"post_tag","embeddable":true,"href":"https:\/\/www.turhalhakimiyet.com\/index.php\/wp-json\/wp\/v2\/tags?post=1357"}],"curies":[{"name":"wp","href":"https:\/\/api.w.org\/{rel}","templated":true}]}}