{"id":1360,"date":"2023-12-18T11:07:31","date_gmt":"2023-12-18T08:07:31","guid":{"rendered":"https:\/\/www.turhalhakimiyet.com\/?p=1360"},"modified":"2023-12-18T11:07:31","modified_gmt":"2023-12-18T08:07:31","slug":"denizi-olmayan-kentten-somon-ihracati","status":"publish","type":"post","link":"https:\/\/www.turhalhakimiyet.com\/index.php\/denizi-olmayan-kentten-somon-ihracati\/","title":{"rendered":"Denizi olmayan kentten somon ihracat\u0131"},"content":{"rendered":"\n<p>Tokat\u2019t\u0131n Almus il\u00e7esinde ba\u015fta Rusya olmak \u00fczere Avrupa, Japonya ve \u00c7in\u2019e ihracat edilecek olan bal\u0131klar\u0131n toplama i\u015flemi ba\u015flad\u0131.<br><\/p>\n\n\n\n<p>Tokat\u2019\u0131n Almus il\u00e7esinde tar\u0131m arazilerini sulayan, elektrik \u00fcretilen ve b\u00f6lge turizmine katk\u0131 sa\u011flayan baraj g\u00f6l\u00fc kafes bal\u0131k\u00e7\u0131l\u0131\u011f\u0131 ile \u00f6n plana \u00e7\u0131k\u0131yor. \u0130rili ufakl\u0131 30\u2019a yak\u0131n tesisin bulundu\u011fu g\u00f6lde y\u0131lda yakla\u015f\u0131k 6 bin ton bal\u0131k \u00fcretiliyor. \u00dcretilen bal\u0131klar ba\u015fta Rusya olmak \u00fczere Avrupa \u00fclkelerine Japonya ve \u00c7in\u2019e ihra\u00e7 ediliyor. Havalar\u0131n so\u011fumas\u0131 ile birlikte baz\u0131 bal\u0131k\u00e7\u0131lar \u00fcr\u00fcnlerini deniz k\u0131y\u0131s\u0131ndaki \u00e7iftliklere g\u00f6nderiyor ve vin\u00e7 yard\u0131m\u0131yla toplanmas\u0131n\u0131 sa\u011fl\u0131yor. Yakla\u015f\u0131k 350-600 gram a\u011fr\u0131l\u0131\u011f\u0131ndaki bal\u0131klar denizlerde bulunan \u00e7iftliklerde 2-3 kilogram a\u011f\u0131rl\u0131\u011fa geldi\u011finde ihra\u00e7 ediliyor.<br><\/p>\n\n\n\n<p>&#8220;4 bin tonu yurt d\u0131\u015f\u0131na gidiyor&#8221;<\/p>\n\n\n\n<p>50 ton \u00fcretim yapt\u0131klar\u0131n\u0131 belirten Bal\u0131k \u00fcreticisi Sadullah Sezer, &#8220;Buradan denizlere canl\u0131 bal\u0131k g\u00f6nderiyoruz, oradan da yurt d\u0131\u015f\u0131na ve yurt i\u00e7ine da\u011f\u0131t\u0131m\u0131 yap\u0131l\u0131yor. \u015euanda bizim g\u00f6nderdi\u011fimiz bal\u0131\u011f\u0131n miktar\u0131 50 tonu buldu. Almus il\u00e7esi b\u00fct\u00fcn olarak tahmini bir rakam verirsek 5 bin tonu buluyordur. Burada b\u00fcy\u00fck k\u00fc\u00e7\u00fck olmak \u00fczere 28 tane tesis var. Aram\u0131zda yap\u0131lan anla\u015fmayla her hafta bir firma vin\u00e7 \u015firketini \u00e7a\u011f\u0131r\u0131p bal\u0131k \u00e7\u0131kar\u0131yor. Elimizde soman alabal\u0131k var, buradan denize g\u00f6nderiyoruz. En ba\u015fta Rusya olmak \u00fczere \u00c7in, Japonya gibi \u00fclkelere g\u00f6nderiyoruz. Bizim i\u00e7in en \u00f6nemli ihracat etti\u011fimiz \u00fclke Rusya oluyor. Almus genelinde 5 bin ton \u00fcretimin yakla\u015f\u0131k 4 bin tonu yurt d\u0131\u015f\u0131na gidiyor, geriye kalan\u0131 i\u00e7 piyasada kendine yer buluyor&#8221; \u015feklinde konu\u015ftu.<\/p>\n","protected":false},"excerpt":{"rendered":"<p>Tokat\u2019t\u0131n Almus il\u00e7esinde ba\u015fta Rusya olmak \u00fczere Avrupa, Japonya ve \u00c7in\u2019e ihracat edilecek olan bal\u0131klar\u0131n toplama i\u015flemi ba\u015flad\u0131. Tokat\u2019\u0131n Almus il\u00e7esinde tar\u0131m arazilerini sulayan, elektrik \u00fcretilen ve b\u00f6lge turizmine katk\u0131 sa\u011flayan baraj g\u00f6l\u00fc kafes bal\u0131k\u00e7\u0131l\u0131\u011f\u0131 ile \u00f6n plana \u00e7\u0131k\u0131yor. \u0130rili ufakl\u0131 30\u2019a yak\u0131n tesisin bulundu\u011fu g\u00f6lde y\u0131lda yakla\u015f\u0131k 6 bin ton bal\u0131k \u00fcretiliyor. \u00dcretilen bal\u0131klar [&hellip;]<\/p>\n","protected":false},"author":2,"featured_media":1361,"comment_status":"open","ping_status":"open","sticky":false,"template":"","format":"standard","meta":{"footnotes":""},"categories":[1],"tags":[],"class_list":["post-1360","post","type-post","status-publish","format-standard","has-post-thumbnail","hentry","category-turhal-haberleri"],"_links":{"self":[{"href":"https:\/\/www.turhalhakimiyet.com\/index.php\/wp-json\/wp\/v2\/posts\/1360","targetHints":{"allow":["GET"]}}],"collection":[{"href":"https:\/\/www.turhalhakimiyet.com\/index.php\/wp-json\/wp\/v2\/posts"}],"about":[{"href":"https:\/\/www.turhalhakimiyet.com\/index.php\/wp-json\/wp\/v2\/types\/post"}],"author":[{"embeddable":true,"href":"https:\/\/www.turhalhakimiyet.com\/index.php\/wp-json\/wp\/v2\/users\/2"}],"replies":[{"embeddable":true,"href":"https:\/\/www.turhalhakimiyet.com\/index.php\/wp-json\/wp\/v2\/comments?post=1360"}],"version-history":[{"count":1,"href":"https:\/\/www.turhalhakimiyet.com\/index.php\/wp-json\/wp\/v2\/posts\/1360\/revisions"}],"predecessor-version":[{"id":1362,"href":"https:\/\/www.turhalhakimiyet.com\/index.php\/wp-json\/wp\/v2\/posts\/1360\/revisions\/1362"}],"wp:featuredmedia":[{"embeddable":true,"href":"https:\/\/www.turhalhakimiyet.com\/index.php\/wp-json\/wp\/v2\/media\/1361"}],"wp:attachment":[{"href":"https:\/\/www.turhalhakimiyet.com\/index.php\/wp-json\/wp\/v2\/media?parent=1360"}],"wp:term":[{"taxonomy":"category","embeddable":true,"href":"https:\/\/www.turhalhakimiyet.com\/index.php\/wp-json\/wp\/v2\/categories?post=1360"},{"taxonomy":"post_tag","embeddable":true,"href":"https:\/\/www.turhalhakimiyet.com\/index.php\/wp-json\/wp\/v2\/tags?post=1360"}],"curies":[{"name":"wp","href":"https:\/\/api.w.org\/{rel}","templated":true}]}}