{"id":1376,"date":"2024-01-08T10:25:21","date_gmt":"2024-01-08T07:25:21","guid":{"rendered":"https:\/\/www.turhalhakimiyet.com\/?p=1376"},"modified":"2024-01-08T10:25:21","modified_gmt":"2024-01-08T07:25:21","slug":"tokat-valisinden-safak-saydiran-paylasim","status":"publish","type":"post","link":"https:\/\/www.turhalhakimiyet.com\/index.php\/tokat-valisinden-safak-saydiran-paylasim\/","title":{"rendered":"Tokat Valisinden \u015eafak Sayd\u0131ran Payla\u015f\u0131m"},"content":{"rendered":"\n<p>Tokat Cumhuriyet Meydan\u0131\u2019nda bulunan valilik binas\u0131n\u0131n yenilenmesi i\u00e7in \u00e7al\u0131\u015fmalara ba\u015flanacak. Tokat Valisi Numan Hatipo\u011flu, sosal medya hesab\u0131ndan yapt\u0131\u011f\u0131 payla\u015f\u0131mla adeta \u015fafak sayd\u0131.<\/p>\n\n\n\n<p>Tokat Valisi Numan Hatipo\u011flu, merkezde bulunan Tokat Valili\u011fi \u00f6n\u00fcnde verdi\u011fi foto\u011frafla, hizmet binas\u0131n\u0131n son mesai g\u00fcn\u00fc olaca\u011f\u0131n\u0131 duyurdu. Sosyal medya hesab\u0131ndan yapt\u0131\u011f\u0131 payla\u015f\u0131mla askerlerin teskere sayd\u0131\u011f\u0131 \u015fafak gibi &#8220;son 1 g\u00fcn&#8221; diyen Vali Hatipo\u011flu, konuyla ilgili Tokatl\u0131lara da \u00f6nemli bilgiler verdi. Binan\u0131n yenisi yap\u0131l\u0131na kadar Valilik Makam\u0131 il \u00f6zel idaresi hizmet binas\u0131nda olacak.<\/p>\n\n\n\n<p>Tokat Valisi Numan Hatipo\u011flu, Tokat Valili\u011fi\u2019nde son mesai g\u00fcn\u00fc i\u00e7in \u015fu payla\u015f\u0131m\u0131 yapt\u0131, &#8220;Valilik binam\u0131zda son mesai g\u00fcn\u00fcm\u00fcz. \u0130l \u00d6zel idare M\u00fcd\u00fcrl\u00fc\u011f\u00fcm\u00fczde hizmetimize devam edece\u011fiz. Aslolan bina ya da \u015fahislar de\u011fil halka hizmettir. Ge\u00e7mi\u015ften g\u00fcn\u00fcm\u00fcze pek \u00e7ok ki\u015finin hat\u0131ralar\u0131 olan binamizda ilimize hizmet eden valilerimize ve kamu g\u00f6revlilerimize te\u015fekk\u00fcr ediyoruz. Hizmeti ger\u00e7eklestiren \u015fey g\u00f6n\u00fcl ba\u011f\u0131dIr. Halk\u0131m\u0131zla g\u00f6n\u00fcl ba\u011f\u0131m\u0131z bug\u00fcne kadar oldu\u011fu gibi bundan sonra da devam edecektir.<\/p>\n\n\n\n<p>Yeniden yap\u0131lacak olan binam\u0131zin \u015fimdiden hayirl\u0131 hizmetlere vesile olmas\u0131ni dilerim.&#8221;<\/p>\n","protected":false},"excerpt":{"rendered":"<p>Tokat Cumhuriyet Meydan\u0131\u2019nda bulunan valilik binas\u0131n\u0131n yenilenmesi i\u00e7in \u00e7al\u0131\u015fmalara ba\u015flanacak. Tokat Valisi Numan Hatipo\u011flu, sosal medya hesab\u0131ndan yapt\u0131\u011f\u0131 payla\u015f\u0131mla adeta \u015fafak sayd\u0131. Tokat Valisi Numan Hatipo\u011flu, merkezde bulunan Tokat Valili\u011fi \u00f6n\u00fcnde verdi\u011fi foto\u011frafla, hizmet binas\u0131n\u0131n son mesai g\u00fcn\u00fc olaca\u011f\u0131n\u0131 duyurdu. Sosyal medya hesab\u0131ndan yapt\u0131\u011f\u0131 payla\u015f\u0131mla askerlerin teskere sayd\u0131\u011f\u0131 \u015fafak gibi &#8220;son 1 g\u00fcn&#8221; diyen Vali [&hellip;]<\/p>\n","protected":false},"author":2,"featured_media":1377,"comment_status":"open","ping_status":"open","sticky":false,"template":"","format":"standard","meta":{"footnotes":""},"categories":[1],"tags":[],"class_list":["post-1376","post","type-post","status-publish","format-standard","has-post-thumbnail","hentry","category-turhal-haberleri"],"_links":{"self":[{"href":"https:\/\/www.turhalhakimiyet.com\/index.php\/wp-json\/wp\/v2\/posts\/1376","targetHints":{"allow":["GET"]}}],"collection":[{"href":"https:\/\/www.turhalhakimiyet.com\/index.php\/wp-json\/wp\/v2\/posts"}],"about":[{"href":"https:\/\/www.turhalhakimiyet.com\/index.php\/wp-json\/wp\/v2\/types\/post"}],"author":[{"embeddable":true,"href":"https:\/\/www.turhalhakimiyet.com\/index.php\/wp-json\/wp\/v2\/users\/2"}],"replies":[{"embeddable":true,"href":"https:\/\/www.turhalhakimiyet.com\/index.php\/wp-json\/wp\/v2\/comments?post=1376"}],"version-history":[{"count":1,"href":"https:\/\/www.turhalhakimiyet.com\/index.php\/wp-json\/wp\/v2\/posts\/1376\/revisions"}],"predecessor-version":[{"id":1378,"href":"https:\/\/www.turhalhakimiyet.com\/index.php\/wp-json\/wp\/v2\/posts\/1376\/revisions\/1378"}],"wp:featuredmedia":[{"embeddable":true,"href":"https:\/\/www.turhalhakimiyet.com\/index.php\/wp-json\/wp\/v2\/media\/1377"}],"wp:attachment":[{"href":"https:\/\/www.turhalhakimiyet.com\/index.php\/wp-json\/wp\/v2\/media?parent=1376"}],"wp:term":[{"taxonomy":"category","embeddable":true,"href":"https:\/\/www.turhalhakimiyet.com\/index.php\/wp-json\/wp\/v2\/categories?post=1376"},{"taxonomy":"post_tag","embeddable":true,"href":"https:\/\/www.turhalhakimiyet.com\/index.php\/wp-json\/wp\/v2\/tags?post=1376"}],"curies":[{"name":"wp","href":"https:\/\/api.w.org\/{rel}","templated":true}]}}