{"id":1379,"date":"2024-01-10T10:23:38","date_gmt":"2024-01-10T07:23:38","guid":{"rendered":"https:\/\/www.turhalhakimiyet.com\/?p=1379"},"modified":"2024-01-10T10:23:38","modified_gmt":"2024-01-10T07:23:38","slug":"kgys-goruntuleri-boyle-kaza-mi-olur-dedirtti","status":"publish","type":"post","link":"https:\/\/www.turhalhakimiyet.com\/index.php\/kgys-goruntuleri-boyle-kaza-mi-olur-dedirtti\/","title":{"rendered":"KGYS g\u00f6r\u00fcnt\u00fcleri &#8220;B\u00f6yle kaza m\u0131 olur&#8221; dedirtti"},"content":{"rendered":"\n<p>T\u00fcrkiye\u2019nin bir\u00e7ok ilinde farkl\u0131 tarihlerde meydana gelen trafik kazalar\u0131n\u0131n g\u00f6r\u00fcnt\u00fcleri, Emniyet M\u00fcd\u00fcrl\u00fc\u011f\u00fc Kent G\u00fcvenlik Y\u00f6netim Sistemi (KGYS) kameralar\u0131nca kaydedildi. Tokat\u2019ta meydana gelen 4 ayr\u0131 kaza da kameralar taraf\u0131ndan kaydedildi.<\/p>\n\n\n\n<p>Emniyet Genel M\u00fcd\u00fcrl\u00fc\u011f\u00fc, 2023 y\u0131l\u0131n\u0131n kas\u0131m ay\u0131nda Kent G\u00fcvenlik Y\u00f6netim Sistemi (KGYS) kameralar\u0131n\u0131n kaydetti\u011fi farkl\u0131 illerdeki trafik kazalar\u0131n\u0131n g\u00f6r\u00fcnt\u00fclerini payla\u015ft\u0131. Payla\u015f\u0131lan g\u00f6r\u00fcnt\u00fclerde Tokat\u2019ta 4 ayr\u0131 kaza kameralara yans\u0131d\u0131. Yine en \u00e7ok dikkat \u00e7eken kazalar ise kav\u015fak ve ge\u00e7i\u015f \u00fcst\u00fcnl\u00fc\u011f\u00fc kurallar\u0131na uyulmamas\u0131 sebebiyle meydana gelenler oldu.<br><\/p>\n\n\n\n<p>Bulvarda \u2019U\u2019 d\u00f6n\u00fc\u015f\u00fc yapmaya \u00e7al\u0131\u015ft\u0131<\/p>\n\n\n\n<p>\u0130lk kaza, Gaziosmanpa\u015fa Bulvar\u0131\u2019nda meydana geldi. Ge\u00e7 saatlerde kaydedilen g\u00f6r\u00fcnt\u00fclerde bulvarda \u2019U\u2019 d\u00f6n\u00fc\u015f\u00fc yapmaya \u00e7al\u0131\u015fan otomobile arkas\u0131ndan gelen motor bisikletin \u00e7arpmas\u0131 sonucu meydana geldi. Motor bisiklet s\u00fcr\u00fcc\u00fcs\u00fc \u00e7arpman\u0131n etkisiyle takla atarak yere d\u00fc\u015ft\u00fc.<br><\/p>\n\n\n\n<p>Motor s\u00fcr\u00fcc\u00fcs\u00fc kazay\u0131 hafif s\u0131yr\u0131kla atlatt\u0131<\/p>\n\n\n\n<p>\u0130kinci kaza da Gaziosmanpa\u015fa Bulvar\u0131\u2019nda meydana geldi. Sivas istikametinden \u00e7ar\u015f\u0131 merkezine do\u011fru gelen ara\u00e7 sola d\u00f6nmek i\u00e7in manevra yapt\u0131. Arkas\u0131ndan gelen motosiklet s\u00fcr\u00fcc\u00fcs\u00fc ise tampona tak\u0131larak devrildi. Arac\u0131n tamponu yerinden \u00e7\u0131karken, motosiklet s\u00fcr\u00fcc\u00fcs\u00fc kazay\u0131 hafif s\u0131yr\u0131klarla atlatt\u0131.<br><\/p>\n\n\n\n<p>Dikkatsiz s\u00fcr\u00fcc\u00fcler arkadan \u00e7arpt\u0131<\/p>\n\n\n\n<p>\u00dc\u00e7\u00fcnc\u00fc kaza ise Halil R\u0131fat Pa\u015fa Kav\u015fa\u011f\u0131\u2019nda meydana geldi. Takip mesafesine dikkat etmeyen iki s\u00fcr\u00fcc\u00fc \u00f6n\u00fcndeki arac\u0131n arkas\u0131na \u00e7arpt\u0131.<br><\/p>\n\n\n\n<p>T\u0131r\u0131n \u00e7arpt\u0131\u011f\u0131 trakt\u00f6r yan yatt\u0131<\/p>\n\n\n\n<p>D\u00f6rd\u00fcnc\u00fc kaza ise Tokat \u00e7evreyolu kav\u015fa\u011f\u0131nda meydana geldi. Sivas Caddesi\u2019nden Tokat \u00e7evreyoluna d\u00f6nmeye haz\u0131rlanan trakt\u00f6re ayn\u0131 istikamette ilerleyen t\u0131r arkadan \u00e7arpt\u0131. \u00c7arpman\u0131n etkisiyle trakt\u00f6r yan yatt\u0131. Devrilen trakt\u00f6r\u00fcn kabininde bulunan baz\u0131 e\u015fyalar yola sa\u00e7\u0131ld\u0131.<\/p>\n","protected":false},"excerpt":{"rendered":"<p>T\u00fcrkiye\u2019nin bir\u00e7ok ilinde farkl\u0131 tarihlerde meydana gelen trafik kazalar\u0131n\u0131n g\u00f6r\u00fcnt\u00fcleri, Emniyet M\u00fcd\u00fcrl\u00fc\u011f\u00fc Kent G\u00fcvenlik Y\u00f6netim Sistemi (KGYS) kameralar\u0131nca kaydedildi. Tokat\u2019ta meydana gelen 4 ayr\u0131 kaza da kameralar taraf\u0131ndan kaydedildi. Emniyet Genel M\u00fcd\u00fcrl\u00fc\u011f\u00fc, 2023 y\u0131l\u0131n\u0131n kas\u0131m ay\u0131nda Kent G\u00fcvenlik Y\u00f6netim Sistemi (KGYS) kameralar\u0131n\u0131n kaydetti\u011fi farkl\u0131 illerdeki trafik kazalar\u0131n\u0131n g\u00f6r\u00fcnt\u00fclerini payla\u015ft\u0131. Payla\u015f\u0131lan g\u00f6r\u00fcnt\u00fclerde Tokat\u2019ta 4 ayr\u0131 kaza [&hellip;]<\/p>\n","protected":false},"author":2,"featured_media":1380,"comment_status":"open","ping_status":"open","sticky":false,"template":"","format":"standard","meta":{"footnotes":""},"categories":[1],"tags":[],"class_list":["post-1379","post","type-post","status-publish","format-standard","has-post-thumbnail","hentry","category-turhal-haberleri"],"_links":{"self":[{"href":"https:\/\/www.turhalhakimiyet.com\/index.php\/wp-json\/wp\/v2\/posts\/1379","targetHints":{"allow":["GET"]}}],"collection":[{"href":"https:\/\/www.turhalhakimiyet.com\/index.php\/wp-json\/wp\/v2\/posts"}],"about":[{"href":"https:\/\/www.turhalhakimiyet.com\/index.php\/wp-json\/wp\/v2\/types\/post"}],"author":[{"embeddable":true,"href":"https:\/\/www.turhalhakimiyet.com\/index.php\/wp-json\/wp\/v2\/users\/2"}],"replies":[{"embeddable":true,"href":"https:\/\/www.turhalhakimiyet.com\/index.php\/wp-json\/wp\/v2\/comments?post=1379"}],"version-history":[{"count":1,"href":"https:\/\/www.turhalhakimiyet.com\/index.php\/wp-json\/wp\/v2\/posts\/1379\/revisions"}],"predecessor-version":[{"id":1381,"href":"https:\/\/www.turhalhakimiyet.com\/index.php\/wp-json\/wp\/v2\/posts\/1379\/revisions\/1381"}],"wp:featuredmedia":[{"embeddable":true,"href":"https:\/\/www.turhalhakimiyet.com\/index.php\/wp-json\/wp\/v2\/media\/1380"}],"wp:attachment":[{"href":"https:\/\/www.turhalhakimiyet.com\/index.php\/wp-json\/wp\/v2\/media?parent=1379"}],"wp:term":[{"taxonomy":"category","embeddable":true,"href":"https:\/\/www.turhalhakimiyet.com\/index.php\/wp-json\/wp\/v2\/categories?post=1379"},{"taxonomy":"post_tag","embeddable":true,"href":"https:\/\/www.turhalhakimiyet.com\/index.php\/wp-json\/wp\/v2\/tags?post=1379"}],"curies":[{"name":"wp","href":"https:\/\/api.w.org\/{rel}","templated":true}]}}