{"id":1388,"date":"2024-01-19T10:03:41","date_gmt":"2024-01-19T07:03:41","guid":{"rendered":"https:\/\/www.turhalhakimiyet.com\/?p=1388"},"modified":"2024-01-19T10:03:41","modified_gmt":"2024-01-19T07:03:41","slug":"tarihi-anlari-yagibasan-medresesinde-takip-ettiler","status":"publish","type":"post","link":"https:\/\/www.turhalhakimiyet.com\/index.php\/tarihi-anlari-yagibasan-medresesinde-takip-ettiler\/","title":{"rendered":"Tarihi anlar\u0131 Ya\u011f\u0131basan Medresesi\u2019nde takip ettiler"},"content":{"rendered":"\n<p>T\u00fcrkiye\u2019nin ilk uzay yolcusu Alper Gezeravc\u0131\u2019n\u0131n da i\u00e7inde bulundu\u011fu SpaceX\u2019e ait uzay arac\u0131n\u0131n f\u0131rlat\u0131lmas\u0131, Tokat\u2019ta Ya\u011f\u0131basan Medresesi\u2019nde kurulan ekrandan takip edildi.<\/p>\n\n\n\n<p>T\u00fcrkiye\u2019nin ilk astronotu Alper Gezeravc\u0131 ve beraberindeki 3 astronotun uzay yolculu\u011fu, ABD\u2019nin Florida eyaletinde bulunan Kennedy Uzay Merkezi\u2019ndeki F\u0131rlatma Kompleksi 39A\u2019da TS\u0130 00.49\u2019da ger\u00e7ekle\u015ftirildi. Heyecanl\u0131 bekleyi\u015fin ard\u0131ndan Gezeravc\u0131 ve 3 astronotun i\u00e7erisinde bulundu\u011fu Falcon 9 roketi, canl\u0131 yay\u0131nlanan geri say\u0131m\u0131ndan sonra ard\u0131nda alev k\u00fcmesi b\u0131rakarak uzay yolculu\u011funa ba\u015flad\u0131. Roketin f\u0131rlat\u0131lma anlar\u0131n\u0131, Tokat Valisi Numan Hatipo\u011flu, AK Parti Tokat Milletvekilleri Mustafa Arslan, C\u00fcneyt Aldemir, Tokat Belediye Ba\u015fkan\u0131 Ey\u00fcp Ero\u011flu, il protokol\u00fc ve vatanda\u015flar Anadolu\u2019nun en eski \u00fcniversitelerinden biri olan, 12\u2019nci y\u00fczy\u0131lda Dani\u015fment Beyli\u011fi\u2019nden Nizamettin Ya\u011f\u0131basan\u2019\u0131n yapt\u0131rd\u0131\u011f\u0131 g\u00f6k bilimi ve t\u0131p e\u011fitimi verilen Ya\u011f\u0131basan Medresesi\u2019nde canl\u0131 yay\u0131nda takip etti.<\/p>\n","protected":false},"excerpt":{"rendered":"<p>T\u00fcrkiye\u2019nin ilk uzay yolcusu Alper Gezeravc\u0131\u2019n\u0131n da i\u00e7inde bulundu\u011fu SpaceX\u2019e ait uzay arac\u0131n\u0131n f\u0131rlat\u0131lmas\u0131, Tokat\u2019ta Ya\u011f\u0131basan Medresesi\u2019nde kurulan ekrandan takip edildi. T\u00fcrkiye\u2019nin ilk astronotu Alper Gezeravc\u0131 ve beraberindeki 3 astronotun uzay yolculu\u011fu, ABD\u2019nin Florida eyaletinde bulunan Kennedy Uzay Merkezi\u2019ndeki F\u0131rlatma Kompleksi 39A\u2019da TS\u0130 00.49\u2019da ger\u00e7ekle\u015ftirildi. Heyecanl\u0131 bekleyi\u015fin ard\u0131ndan Gezeravc\u0131 ve 3 astronotun i\u00e7erisinde bulundu\u011fu Falcon [&hellip;]<\/p>\n","protected":false},"author":2,"featured_media":1389,"comment_status":"open","ping_status":"open","sticky":false,"template":"","format":"standard","meta":{"footnotes":""},"categories":[1],"tags":[],"class_list":["post-1388","post","type-post","status-publish","format-standard","has-post-thumbnail","hentry","category-turhal-haberleri"],"_links":{"self":[{"href":"https:\/\/www.turhalhakimiyet.com\/index.php\/wp-json\/wp\/v2\/posts\/1388","targetHints":{"allow":["GET"]}}],"collection":[{"href":"https:\/\/www.turhalhakimiyet.com\/index.php\/wp-json\/wp\/v2\/posts"}],"about":[{"href":"https:\/\/www.turhalhakimiyet.com\/index.php\/wp-json\/wp\/v2\/types\/post"}],"author":[{"embeddable":true,"href":"https:\/\/www.turhalhakimiyet.com\/index.php\/wp-json\/wp\/v2\/users\/2"}],"replies":[{"embeddable":true,"href":"https:\/\/www.turhalhakimiyet.com\/index.php\/wp-json\/wp\/v2\/comments?post=1388"}],"version-history":[{"count":1,"href":"https:\/\/www.turhalhakimiyet.com\/index.php\/wp-json\/wp\/v2\/posts\/1388\/revisions"}],"predecessor-version":[{"id":1390,"href":"https:\/\/www.turhalhakimiyet.com\/index.php\/wp-json\/wp\/v2\/posts\/1388\/revisions\/1390"}],"wp:featuredmedia":[{"embeddable":true,"href":"https:\/\/www.turhalhakimiyet.com\/index.php\/wp-json\/wp\/v2\/media\/1389"}],"wp:attachment":[{"href":"https:\/\/www.turhalhakimiyet.com\/index.php\/wp-json\/wp\/v2\/media?parent=1388"}],"wp:term":[{"taxonomy":"category","embeddable":true,"href":"https:\/\/www.turhalhakimiyet.com\/index.php\/wp-json\/wp\/v2\/categories?post=1388"},{"taxonomy":"post_tag","embeddable":true,"href":"https:\/\/www.turhalhakimiyet.com\/index.php\/wp-json\/wp\/v2\/tags?post=1388"}],"curies":[{"name":"wp","href":"https:\/\/api.w.org\/{rel}","templated":true}]}}