{"id":1407,"date":"2024-02-08T10:30:03","date_gmt":"2024-02-08T07:30:03","guid":{"rendered":"https:\/\/www.turhalhakimiyet.com\/?p=1407"},"modified":"2024-02-08T10:30:03","modified_gmt":"2024-02-08T07:30:03","slug":"zile-belediyesinden-iscilere-yuzde-106-zam","status":"publish","type":"post","link":"https:\/\/www.turhalhakimiyet.com\/index.php\/zile-belediyesinden-iscilere-yuzde-106-zam\/","title":{"rendered":"Zile Belediyesi\u2019nden i\u015f\u00e7ilere y\u00fczde 106 zam"},"content":{"rendered":"\n<p>Tokat\u2019\u0131n Zile Belediyesi, kadrolu i\u015f\u00e7ilerin maa\u015flar\u0131na y\u00fczde 106 zam yapt\u0131.<\/p>\n\n\n\n<p>Zile Belediyesi ile Hizmet \u0130\u015f Sendikas\u0131 aras\u0131nda imzalanan toplu s\u00f6zle\u015fme ile kadrolu i\u015f\u00e7ilerin maa\u015flar\u0131na y\u00fczde 106 zam yap\u0131ld\u0131. Belediye \u00e7al\u0131\u015fanlar\u0131, Belediye Ba\u015fkan\u0131 \u015e\u00fckr\u00fc Sarg\u0131n\u2019a te\u015fekk\u00fcr etmek i\u00e7in makam\u0131nda ziyarette bulundu. Yap\u0131lan s\u00f6zle\u015fmeyle ilgili olarak konu\u015fan Ba\u015fkan Sarg\u0131n, \u00e7al\u0131\u015fanlar\u0131n hayat standartlar\u0131na olumlu katk\u0131 sa\u011flayacak bir zam oran\u0131n\u0131 belirlemeye \u00f6zen g\u00f6sterdiklerini ifade etti. Sarg\u0131n, &#8220;Sizlerin beklentilerini ve ihtiya\u00e7lar\u0131n\u0131 dikkate alarak en uygun rakam\u0131 belirledik. Bu zamana kadar oldu\u011fu gibi bundan sonra da \u015fehrimize en iyi \u015fekilde hizmet etmeye devam edece\u011fiz&#8221; \u015feklinde konu\u015ftu.<\/p>\n\n\n\n<p>Zile Belediyesi \u00e7al\u0131\u015fanlar\u0131, Ba\u015fkan Sarg\u0131n\u2019\u0131n desteklerinden dolay\u0131 memnuniyetlerini dile getirerek, te\u015fekk\u00fcr etti.<\/p>\n\n\n\n<p><a href=\"https:\/\/www.facebook.com\/sharer.php?u=https:\/\/www.iha.com.tr\/tokat-haberleri\/zile-belediyesinden-iscilere-yuzde-106-zam-56247020&amp;text=Zile%20Belediyesi%E2%80%99nden%20i%C5%9F%C3%A7ilere%20y%C3%BCzde%20106%20zam&amp;via=\" target=\"_blank\" rel=\"noreferrer noopener\"><\/a><a href=\"https:\/\/twitter.com\/intent\/tweet?url=https:\/\/www.iha.com.tr\/tokat-haberleri\/zile-belediyesinden-iscilere-yuzde-106-zam-56247020&amp;text=Zile%20Belediyesi%E2%80%99nden%20i%C5%9F%C3%A7ilere%20y%C3%BCzde%20106%20zam\" target=\"_blank\" rel=\"noreferrer noopener\"><\/a><a href=\"\/\/www.iha.com.tr\/tokat-haberleri\/zile-belediyesinden-iscilere-yuzde-106-zam-56247020\" target=\"_blank\" rel=\"noreferrer noopener\"><\/a><a href=\"mailto:?&amp;body=https:\/\/www.iha.com.tr\/tokat-haberleri\/zile-belediyesinden-iscilere-yuzde-106-zam-56247020&amp;subject=Zile%20Belediyesi%E2%80%99nden%20i%C5%9F%C3%A7ilere%20y%C3%BCzde%20106%20zam\" target=\"_blank\" rel=\"noreferrer noopener\"><\/a><a href=\"https:\/\/telegram.me\/share\/url?url=https:\/\/www.iha.com.tr\/tokat-haberleri\/zile-belediyesinden-iscilere-yuzde-106-zam-56247020&amp;text=Zile%20Belediyesi%E2%80%99nden%20i%C5%9F%C3%A7ilere%20y%C3%BCzde%20106%20zam\" target=\"_blank\" rel=\"noreferrer noopener\"><\/a><a href=\"https:\/\/www.linkedin.com\/shareArticle?url=https:\/\/www.iha.com.tr\/tokat-haberleri\/zile-belediyesinden-iscilere-yuzde-106-zam-56247020&amp;title=Zile%20Belediyesi%E2%80%99nden%20i%C5%9F%C3%A7ilere%20y%C3%BCzde%20106%20zam\" target=\"_blank\" rel=\"noreferrer noopener\"><\/a><\/p>\n\n\n\n<p><a href=\"https:\/\/news.google.com\/publications\/CAAqBwgKMMT5pgswrIS_Aw?hl=tr&amp;gl=TR&amp;ceid=TR%3Atr\" target=\"_blank\" rel=\"noreferrer noopener\"><\/a><\/p>\n\n\n\n<p><\/p>\n","protected":false},"excerpt":{"rendered":"<p>Tokat\u2019\u0131n Zile Belediyesi, kadrolu i\u015f\u00e7ilerin maa\u015flar\u0131na y\u00fczde 106 zam yapt\u0131. Zile Belediyesi ile Hizmet \u0130\u015f Sendikas\u0131 aras\u0131nda imzalanan toplu s\u00f6zle\u015fme ile kadrolu i\u015f\u00e7ilerin maa\u015flar\u0131na y\u00fczde 106 zam yap\u0131ld\u0131. Belediye \u00e7al\u0131\u015fanlar\u0131, Belediye Ba\u015fkan\u0131 \u015e\u00fckr\u00fc Sarg\u0131n\u2019a te\u015fekk\u00fcr etmek i\u00e7in makam\u0131nda ziyarette bulundu. Yap\u0131lan s\u00f6zle\u015fmeyle ilgili olarak konu\u015fan Ba\u015fkan Sarg\u0131n, \u00e7al\u0131\u015fanlar\u0131n hayat standartlar\u0131na olumlu katk\u0131 sa\u011flayacak bir zam [&hellip;]<\/p>\n","protected":false},"author":2,"featured_media":1408,"comment_status":"open","ping_status":"open","sticky":false,"template":"","format":"standard","meta":{"footnotes":""},"categories":[1],"tags":[],"class_list":["post-1407","post","type-post","status-publish","format-standard","has-post-thumbnail","hentry","category-turhal-haberleri"],"_links":{"self":[{"href":"https:\/\/www.turhalhakimiyet.com\/index.php\/wp-json\/wp\/v2\/posts\/1407","targetHints":{"allow":["GET"]}}],"collection":[{"href":"https:\/\/www.turhalhakimiyet.com\/index.php\/wp-json\/wp\/v2\/posts"}],"about":[{"href":"https:\/\/www.turhalhakimiyet.com\/index.php\/wp-json\/wp\/v2\/types\/post"}],"author":[{"embeddable":true,"href":"https:\/\/www.turhalhakimiyet.com\/index.php\/wp-json\/wp\/v2\/users\/2"}],"replies":[{"embeddable":true,"href":"https:\/\/www.turhalhakimiyet.com\/index.php\/wp-json\/wp\/v2\/comments?post=1407"}],"version-history":[{"count":1,"href":"https:\/\/www.turhalhakimiyet.com\/index.php\/wp-json\/wp\/v2\/posts\/1407\/revisions"}],"predecessor-version":[{"id":1409,"href":"https:\/\/www.turhalhakimiyet.com\/index.php\/wp-json\/wp\/v2\/posts\/1407\/revisions\/1409"}],"wp:featuredmedia":[{"embeddable":true,"href":"https:\/\/www.turhalhakimiyet.com\/index.php\/wp-json\/wp\/v2\/media\/1408"}],"wp:attachment":[{"href":"https:\/\/www.turhalhakimiyet.com\/index.php\/wp-json\/wp\/v2\/media?parent=1407"}],"wp:term":[{"taxonomy":"category","embeddable":true,"href":"https:\/\/www.turhalhakimiyet.com\/index.php\/wp-json\/wp\/v2\/categories?post=1407"},{"taxonomy":"post_tag","embeddable":true,"href":"https:\/\/www.turhalhakimiyet.com\/index.php\/wp-json\/wp\/v2\/tags?post=1407"}],"curies":[{"name":"wp","href":"https:\/\/api.w.org\/{rel}","templated":true}]}}