{"id":142,"date":"2021-05-17T20:06:15","date_gmt":"2021-05-17T17:06:15","guid":{"rendered":"https:\/\/www.turhalhakimiyet.com\/?p=142"},"modified":"2021-05-17T20:06:15","modified_gmt":"2021-05-17T17:06:15","slug":"baskan-celik-kapanma-surecinde-esnaf-tamiri-mumkun-olmayan-yaralar-aldi","status":"publish","type":"post","link":"https:\/\/www.turhalhakimiyet.com\/index.php\/baskan-celik-kapanma-surecinde-esnaf-tamiri-mumkun-olmayan-yaralar-aldi\/","title":{"rendered":"Ba\u015fkan \u00c7elik: \u201cKapanma s\u00fcrecinde esnaf tamiri m\u00fcmk\u00fcn olmayan yaralar ald\u0131\u201d"},"content":{"rendered":"<p>Tokat Ticaret Odas\u0131 Ba\u015fkan\u0131 Y\u00f6netim Kurulu Ba\u015fkan\u0131 Dr. Ali \u00c7elik, Pandemi d\u00f6neminde esnaf\u0131n zor g\u00fcnler ge\u00e7irdi\u011fini belirterek, \u201cKapanma s\u00fcrecinde esnaf tamiri m\u00fcmk\u00fcn olmayan yaralar ald\u0131\u201d dedi.<br \/>\nTokat Ticaret Odas\u0131 Ba\u015fkan\u0131 Y\u00f6netim Kurulu Ba\u015fkan\u0131 Dr. Ali \u00c7elik, yaz\u0131l\u0131 olarak yapt\u0131\u011f\u0131 a\u00e7\u0131klamada Pandemi dolay\u0131s\u0131 ile i\u015f yeleri kapal\u0131 olan esnaflar zor g\u00fcnler ge\u00e7irdi\u011fini kaydetti. Pandemi boyunca i\u015fletmesi kapal\u0131 olan esnafa yeterli maddi yard\u0131m\u0131n yap\u0131lmad\u0131\u011f\u0131n\u0131 ileri s\u00fcren Ba\u015fkan \u00c7elik, \u201cKapanma s\u00fcrecinde esnaf tamiri m\u00fcmk\u00fcn olmayan yaralar ald\u0131. Pandeminin bir y\u0131ld\u0131r kontrol alt\u0131na al\u0131namamas\u0131nda, yeterince a\u015f\u0131laman\u0131n yap\u0131lamamas\u0131nda, \u00fc\u00e7 be\u015f tane gariban esnaf\u0131n sorumlulu\u011fu varm\u0131\u015f gibi bir y\u0131ld\u0131r bu bedeli o insanlar\u0131n \u00fczerine fatura etmek nedir? Binlerce ki\u015filik t\u00f6renler, organizasyonlar yapmak, binlerce insan\u0131n konaklad\u0131\u011f\u0131 l\u00fcks otelleri, kapal\u0131 ortam AVM\u2019leri a\u00e7\u0131p, bah\u00e7eli lokantalar\u0131, \u00e7ay ocaklar\u0131n\u0131, kafe ve spor salonlar\u0131n\u0131 kapatmak, kar\u015f\u0131l\u0131\u011f\u0131nda hi\u00e7bir ciddi yard\u0131m yapmamak ve helalle\u015fmeye kalkmak hangi akl\u0131n vicdan\u0131n \u00fcr\u00fcn\u00fc ve mahsul\u00fcd\u00fcr? Bu i\u015fin buraya gelmesinde bir\u00e7ok kurumun ve duyars\u0131z insanlar\u0131n sorumlulu\u011fu olmas\u0131na ra\u011fmen, faturay\u0131 hi\u00e7bir hatas\u0131 olmayan gariban esnafa y\u00fcklemek nedir? Y\u00f6neticilerimizi acilen yanl\u0131\u015flar\u0131ndan d\u00f6nmeye ve ya\u015fanan ma\u011fduriyetlerden dolay\u0131 ticaret insanlar\u0131n\u0131n ge\u00e7en s\u00fcre ile ilgili ma\u011fduriyetlerini gidermeye ve desteklemeye \u00e7a\u011f\u0131r\u0131yoruz. Aksi takdirde bu i\u015fin vebali hesab\u0131 ve faturas\u0131 \u00e7ok a\u011f\u0131r olur\u201d ifadelerine yer verdi.<\/p>\n","protected":false},"excerpt":{"rendered":"<p>Tokat Ticaret Odas\u0131 Ba\u015fkan\u0131 Y\u00f6netim Kurulu Ba\u015fkan\u0131 Dr. Ali \u00c7elik, Pandemi d\u00f6neminde esnaf\u0131n zor g\u00fcnler ge\u00e7irdi\u011fini belirterek, \u201cKapanma s\u00fcrecinde esnaf tamiri m\u00fcmk\u00fcn olmayan yaralar ald\u0131\u201d dedi. Tokat Ticaret Odas\u0131 Ba\u015fkan\u0131 Y\u00f6netim Kurulu Ba\u015fkan\u0131 Dr. Ali \u00c7elik, yaz\u0131l\u0131 olarak yapt\u0131\u011f\u0131 a\u00e7\u0131klamada Pandemi dolay\u0131s\u0131 ile i\u015f yeleri kapal\u0131 olan esnaflar zor g\u00fcnler ge\u00e7irdi\u011fini kaydetti. Pandemi boyunca i\u015fletmesi [&hellip;]<\/p>\n","protected":false},"author":2,"featured_media":143,"comment_status":"open","ping_status":"open","sticky":false,"template":"","format":"standard","meta":{"footnotes":""},"categories":[1],"tags":[],"class_list":["post-142","post","type-post","status-publish","format-standard","has-post-thumbnail","hentry","category-turhal-haberleri"],"_links":{"self":[{"href":"https:\/\/www.turhalhakimiyet.com\/index.php\/wp-json\/wp\/v2\/posts\/142","targetHints":{"allow":["GET"]}}],"collection":[{"href":"https:\/\/www.turhalhakimiyet.com\/index.php\/wp-json\/wp\/v2\/posts"}],"about":[{"href":"https:\/\/www.turhalhakimiyet.com\/index.php\/wp-json\/wp\/v2\/types\/post"}],"author":[{"embeddable":true,"href":"https:\/\/www.turhalhakimiyet.com\/index.php\/wp-json\/wp\/v2\/users\/2"}],"replies":[{"embeddable":true,"href":"https:\/\/www.turhalhakimiyet.com\/index.php\/wp-json\/wp\/v2\/comments?post=142"}],"version-history":[{"count":1,"href":"https:\/\/www.turhalhakimiyet.com\/index.php\/wp-json\/wp\/v2\/posts\/142\/revisions"}],"predecessor-version":[{"id":144,"href":"https:\/\/www.turhalhakimiyet.com\/index.php\/wp-json\/wp\/v2\/posts\/142\/revisions\/144"}],"wp:featuredmedia":[{"embeddable":true,"href":"https:\/\/www.turhalhakimiyet.com\/index.php\/wp-json\/wp\/v2\/media\/143"}],"wp:attachment":[{"href":"https:\/\/www.turhalhakimiyet.com\/index.php\/wp-json\/wp\/v2\/media?parent=142"}],"wp:term":[{"taxonomy":"category","embeddable":true,"href":"https:\/\/www.turhalhakimiyet.com\/index.php\/wp-json\/wp\/v2\/categories?post=142"},{"taxonomy":"post_tag","embeddable":true,"href":"https:\/\/www.turhalhakimiyet.com\/index.php\/wp-json\/wp\/v2\/tags?post=142"}],"curies":[{"name":"wp","href":"https:\/\/api.w.org\/{rel}","templated":true}]}}