{"id":1442,"date":"2024-03-08T08:34:33","date_gmt":"2024-03-08T05:34:33","guid":{"rendered":"https:\/\/www.turhalhakimiyet.com\/?p=1442"},"modified":"2024-03-08T08:34:33","modified_gmt":"2024-03-08T05:34:33","slug":"tokatin-almus-ilcesi-cevre-temizligi-icin-harekete-gecti","status":"publish","type":"post","link":"https:\/\/www.turhalhakimiyet.com\/index.php\/tokatin-almus-ilcesi-cevre-temizligi-icin-harekete-gecti\/","title":{"rendered":"Tokat\u2019\u0131n Almus il\u00e7esi, \u00e7evre temizli\u011fi i\u00e7in harekete ge\u00e7ti"},"content":{"rendered":"\n<p>Tokat valili\u011fi b\u00fcnyesinde \u00e7al\u0131\u015fan TYP i\u015f\u00e7ileri, Almus \u00c7evreli Grup Yolu ve Almus Baraj G\u00f6l\u00fc\u2019n\u00fcn sol sahil grup yolu istikametinden yakla\u015f\u0131k 5 kilometre uzakl\u0131kta bulunan K\u0131n\u0131k beldesi \u015eendere mevkisine kadar olan b\u00f6l\u00fcmde yol kenarlar\u0131nda biriken \u00e7\u00f6pleri toplad\u0131.<\/p>\n\n\n\n<p>Konuyla ilgili a\u00e7\u0131klama yapan Almus Kaymakam\u0131 Emre \u00c7\u00f6men, &#8220;Say\u0131n Valimizin ba\u015flatm\u0131\u015f oldu\u011fu Temiz Tokat Projesi kapsam\u0131nda il\u00e7emizdeki faaliyetler devam edecek. Bug\u00fcn itibariyle kent g\u00fcvenlik kameralar\u0131 ile izleme yap\u0131larak \u00e7evreyi kirletenler hakk\u0131nda Kabahatler Kanunu\u2019na g\u00f6re idari para cezas\u0131 uygulayaca\u011f\u0131z. \u0130l\u00e7emizin temiz kalmas\u0131 i\u00e7in t\u00fcm vatanda\u015flar\u0131m\u0131z\u0131 daha duyarl\u0131 davranmaya davet ediyoruz&#8221; dedi.<\/p>\n\n\n\n<p>Temiz Tokat Projesi, \u00e7evre bilincini art\u0131rmak ve \u015fehrin temizli\u011fine katk\u0131 sa\u011flamak amac\u0131yla \u00f6nemli bir ad\u0131m olarak g\u00f6r\u00fcl\u00fcyor. Almus \u0130l\u00e7esi de bu projeye katk\u0131 sa\u011flayarak \u00e7evre dostu bir yakla\u015f\u0131m sergiliyor.<\/p>\n\n\n\n<p><a href=\"https:\/\/www.facebook.com\/sharer.php?u=https:\/\/www.iha.com.tr\/tokat-haberleri\/tokatin-almus-ilcesi-cevre-temizligi-icin-harekete-gecti-63822203&amp;text=Tokat%E2%80%99%C4%B1n%20Almus%20il%C3%A7esi,%20%C3%A7evre%20temizli%C4%9Fi%20i%C3%A7in%20harekete%20ge%C3%A7ti&amp;via=\" target=\"_blank\" rel=\"noreferrer noopener\"><\/a><a href=\"https:\/\/twitter.com\/intent\/tweet?url=https:\/\/www.iha.com.tr\/tokat-haberleri\/tokatin-almus-ilcesi-cevre-temizligi-icin-harekete-gecti-63822203&amp;text=Tokat%E2%80%99%C4%B1n%20Almus%20il%C3%A7esi,%20%C3%A7evre%20temizli%C4%9Fi%20i%C3%A7in%20harekete%20ge%C3%A7ti\" target=\"_blank\" rel=\"noreferrer noopener\"><\/a><a href=\"\/\/www.iha.com.tr\/tokat-haberleri\/tokatin-almus-ilcesi-cevre-temizligi-icin-harekete-gecti-63822203\" target=\"_blank\" rel=\"noreferrer noopener\"><\/a><a href=\"mailto:?&amp;body=https:\/\/www.iha.com.tr\/tokat-haberleri\/tokatin-almus-ilcesi-cevre-temizligi-icin-harekete-gecti-63822203&amp;subject=Tokat%E2%80%99%C4%B1n%20Almus%20il%C3%A7esi,%20%C3%A7evre%20temizli%C4%9Fi%20i%C3%A7in%20harekete%20ge%C3%A7ti\" target=\"_blank\" rel=\"noreferrer noopener\"><\/a><a href=\"https:\/\/telegram.me\/share\/url?url=https:\/\/www.iha.com.tr\/tokat-haberleri\/tokatin-almus-ilcesi-cevre-temizligi-icin-harekete-gecti-63822203&amp;text=Tokat%E2%80%99%C4%B1n%20Almus%20il%C3%A7esi,%20%C3%A7evre%20temizli%C4%9Fi%20i%C3%A7in%20harekete%20ge%C3%A7ti\" target=\"_blank\" rel=\"noreferrer noopener\"><\/a><a href=\"https:\/\/www.linkedin.com\/shareArticle?url=https:\/\/www.iha.com.tr\/tokat-haberleri\/tokatin-almus-ilcesi-cevre-temizligi-icin-harekete-gecti-63822203&amp;title=Tokat%E2%80%99%C4%B1n%20Almus%20il%C3%A7esi,%20%C3%A7evre%20temizli%C4%9Fi%20i%C3%A7in%20harekete%20ge%C3%A7ti\" target=\"_blank\" rel=\"noreferrer noopener\"><\/a><\/p>\n","protected":false},"excerpt":{"rendered":"<p>Tokat valili\u011fi b\u00fcnyesinde \u00e7al\u0131\u015fan TYP i\u015f\u00e7ileri, Almus \u00c7evreli Grup Yolu ve Almus Baraj G\u00f6l\u00fc\u2019n\u00fcn sol sahil grup yolu istikametinden yakla\u015f\u0131k 5 kilometre uzakl\u0131kta bulunan K\u0131n\u0131k beldesi \u015eendere mevkisine kadar olan b\u00f6l\u00fcmde yol kenarlar\u0131nda biriken \u00e7\u00f6pleri toplad\u0131. Konuyla ilgili a\u00e7\u0131klama yapan Almus Kaymakam\u0131 Emre \u00c7\u00f6men, &#8220;Say\u0131n Valimizin ba\u015flatm\u0131\u015f oldu\u011fu Temiz Tokat Projesi kapsam\u0131nda il\u00e7emizdeki faaliyetler devam [&hellip;]<\/p>\n","protected":false},"author":2,"featured_media":1443,"comment_status":"open","ping_status":"open","sticky":false,"template":"","format":"standard","meta":{"footnotes":""},"categories":[1],"tags":[],"class_list":["post-1442","post","type-post","status-publish","format-standard","has-post-thumbnail","hentry","category-turhal-haberleri"],"_links":{"self":[{"href":"https:\/\/www.turhalhakimiyet.com\/index.php\/wp-json\/wp\/v2\/posts\/1442","targetHints":{"allow":["GET"]}}],"collection":[{"href":"https:\/\/www.turhalhakimiyet.com\/index.php\/wp-json\/wp\/v2\/posts"}],"about":[{"href":"https:\/\/www.turhalhakimiyet.com\/index.php\/wp-json\/wp\/v2\/types\/post"}],"author":[{"embeddable":true,"href":"https:\/\/www.turhalhakimiyet.com\/index.php\/wp-json\/wp\/v2\/users\/2"}],"replies":[{"embeddable":true,"href":"https:\/\/www.turhalhakimiyet.com\/index.php\/wp-json\/wp\/v2\/comments?post=1442"}],"version-history":[{"count":1,"href":"https:\/\/www.turhalhakimiyet.com\/index.php\/wp-json\/wp\/v2\/posts\/1442\/revisions"}],"predecessor-version":[{"id":1444,"href":"https:\/\/www.turhalhakimiyet.com\/index.php\/wp-json\/wp\/v2\/posts\/1442\/revisions\/1444"}],"wp:featuredmedia":[{"embeddable":true,"href":"https:\/\/www.turhalhakimiyet.com\/index.php\/wp-json\/wp\/v2\/media\/1443"}],"wp:attachment":[{"href":"https:\/\/www.turhalhakimiyet.com\/index.php\/wp-json\/wp\/v2\/media?parent=1442"}],"wp:term":[{"taxonomy":"category","embeddable":true,"href":"https:\/\/www.turhalhakimiyet.com\/index.php\/wp-json\/wp\/v2\/categories?post=1442"},{"taxonomy":"post_tag","embeddable":true,"href":"https:\/\/www.turhalhakimiyet.com\/index.php\/wp-json\/wp\/v2\/tags?post=1442"}],"curies":[{"name":"wp","href":"https:\/\/api.w.org\/{rel}","templated":true}]}}