{"id":1445,"date":"2024-03-11T10:27:09","date_gmt":"2024-03-11T07:27:09","guid":{"rendered":"https:\/\/www.turhalhakimiyet.com\/?p=1445"},"modified":"2024-03-11T10:27:09","modified_gmt":"2024-03-11T07:27:09","slug":"niksarda-yalniz-yasayan-adam-evinde-olu-bulundu","status":"publish","type":"post","link":"https:\/\/www.turhalhakimiyet.com\/index.php\/niksarda-yalniz-yasayan-adam-evinde-olu-bulundu\/","title":{"rendered":"Niksar\u2019da yaln\u0131z ya\u015fayan adam evinde \u00f6l\u00fc bulundu"},"content":{"rendered":"\n<p>Tokat\u2019\u0131n Niksar il\u00e7esinde bir ki\u015fi yaln\u0131z ya\u015fad\u0131\u011f\u0131 evinde \u00f6l\u00fc bulundu.<\/p>\n\n\n\n<p>K\u0131rk\u0131zlar Mahallesi\u2019nde ikamet eden Bahad\u0131r O\u011fuz Ertan\u2019dan (55), haber alamayan kom\u015fular\u0131 durumu polise bildirdi. Polis ekipleri, yerde hareketsiz vaziyette buldu\u011fu Ertan\u2019\u0131n hayat\u0131n\u0131 kaybetti\u011fini belirlendi. Polis olayla ilgili inceleme ba\u015flatt\u0131.<\/p>\n","protected":false},"excerpt":{"rendered":"<p>Tokat\u2019\u0131n Niksar il\u00e7esinde bir ki\u015fi yaln\u0131z ya\u015fad\u0131\u011f\u0131 evinde \u00f6l\u00fc bulundu. K\u0131rk\u0131zlar Mahallesi\u2019nde ikamet eden Bahad\u0131r O\u011fuz Ertan\u2019dan (55), haber alamayan kom\u015fular\u0131 durumu polise bildirdi. Polis ekipleri, yerde hareketsiz vaziyette buldu\u011fu Ertan\u2019\u0131n hayat\u0131n\u0131 kaybetti\u011fini belirlendi. Polis olayla ilgili inceleme ba\u015flatt\u0131.<\/p>\n","protected":false},"author":2,"featured_media":1446,"comment_status":"open","ping_status":"open","sticky":false,"template":"","format":"standard","meta":{"footnotes":""},"categories":[1],"tags":[],"class_list":["post-1445","post","type-post","status-publish","format-standard","has-post-thumbnail","hentry","category-turhal-haberleri"],"_links":{"self":[{"href":"https:\/\/www.turhalhakimiyet.com\/index.php\/wp-json\/wp\/v2\/posts\/1445","targetHints":{"allow":["GET"]}}],"collection":[{"href":"https:\/\/www.turhalhakimiyet.com\/index.php\/wp-json\/wp\/v2\/posts"}],"about":[{"href":"https:\/\/www.turhalhakimiyet.com\/index.php\/wp-json\/wp\/v2\/types\/post"}],"author":[{"embeddable":true,"href":"https:\/\/www.turhalhakimiyet.com\/index.php\/wp-json\/wp\/v2\/users\/2"}],"replies":[{"embeddable":true,"href":"https:\/\/www.turhalhakimiyet.com\/index.php\/wp-json\/wp\/v2\/comments?post=1445"}],"version-history":[{"count":1,"href":"https:\/\/www.turhalhakimiyet.com\/index.php\/wp-json\/wp\/v2\/posts\/1445\/revisions"}],"predecessor-version":[{"id":1447,"href":"https:\/\/www.turhalhakimiyet.com\/index.php\/wp-json\/wp\/v2\/posts\/1445\/revisions\/1447"}],"wp:featuredmedia":[{"embeddable":true,"href":"https:\/\/www.turhalhakimiyet.com\/index.php\/wp-json\/wp\/v2\/media\/1446"}],"wp:attachment":[{"href":"https:\/\/www.turhalhakimiyet.com\/index.php\/wp-json\/wp\/v2\/media?parent=1445"}],"wp:term":[{"taxonomy":"category","embeddable":true,"href":"https:\/\/www.turhalhakimiyet.com\/index.php\/wp-json\/wp\/v2\/categories?post=1445"},{"taxonomy":"post_tag","embeddable":true,"href":"https:\/\/www.turhalhakimiyet.com\/index.php\/wp-json\/wp\/v2\/tags?post=1445"}],"curies":[{"name":"wp","href":"https:\/\/api.w.org\/{rel}","templated":true}]}}