{"id":1455,"date":"2024-03-25T11:04:23","date_gmt":"2024-03-25T08:04:23","guid":{"rendered":"https:\/\/www.turhalhakimiyet.com\/?p=1455"},"modified":"2024-03-25T11:04:23","modified_gmt":"2024-03-25T08:04:23","slug":"tokatta-ramazanin-coskusunu-cocuklar-tekne-orucu-iftariyla-yasadi","status":"publish","type":"post","link":"https:\/\/www.turhalhakimiyet.com\/index.php\/tokatta-ramazanin-coskusunu-cocuklar-tekne-orucu-iftariyla-yasadi\/","title":{"rendered":"Tokat\u2019ta Ramazan\u2019\u0131n co\u015fkusunu \u00e7ocuklar tekne orucu iftar\u0131yla ya\u015fad\u0131"},"content":{"rendered":"\n<p>Tokat Belediyesi taraf\u0131ndan tekne orucu tutan \u00e7ocuklar i\u00e7in d\u00fczenlenen iftar yeme\u011fi program\u0131n yo\u011fun ilgi g\u00f6rd\u00fc.<\/p>\n\n\n\n<p>Tokat Belediyesi taraf\u0131ndan ba\u015flat\u0131lan ve bu y\u0131l \u00fc\u00e7\u00fcnc\u00fcs\u00fc d\u00fczenlenen tekne orucu tutan \u00e7ocuklar i\u00e7in d\u00fczenlenen iftar yeme\u011fi program\u0131 yo\u011fun ilgi g\u00f6rd\u00fc. H\u0131d\u0131rl\u0131k Sosyal tesisleri bah\u00e7esinde iftar \u00e7ad\u0131r\u0131 kurulan alanda 4 &#8211; 9 ya\u015f aras\u0131nda tekne orucu tutan \u00e7ocuklar i\u00e7in etkinlik d\u00fczenlendi. Y\u00fczlerce \u00e7ocu\u011fun kat\u0131ld\u0131\u011f\u0131 program balon g\u00f6sterileri ile ba\u015flad\u0131. Programa anne ve babalar\u0131 ile giden \u00e7ocuklar e\u011flenceli dakikalar ge\u00e7irdi. Yap\u0131lan konu\u015fmalar\u0131n ard\u0131ndan \u00e7ocuklara k\u00f6fte, patates k\u0131zartmas\u0131, tulumba tatl\u0131s\u0131 ile ayrandan olu\u015fan iftar men\u00fcs\u00fc verildi. \u00c7ocuklar Ye\u015fil\u0131rmak kenar\u0131ndaki parkta tekne orucunu a\u00e7t\u0131. Ayr\u0131ca belediye taraf\u0131ndan ger\u00e7ekle\u015ftirilen projede internet \u00fczerinden ba\u015fvuran 5 bin \u00e7ocu\u011fun evine tekne orucu hediye paketi g\u00f6nderildi.<\/p>\n\n\n\n<p>Tekne orucu gelene\u011fini 3 y\u0131ld\u0131r ya\u015fatmaya \u00e7al\u0131\u015ft\u0131klar\u0131n\u0131 ifade eden Tokat Belediye Ba\u015fkan\u0131 Ey\u00fcp Ero\u011flu, \u201cGeleneksel hale getirdi\u011fimiz ve \u00fc\u00e7\u00fcnc\u00fcs\u00fcn\u00fc yapt\u0131\u011f\u0131m\u0131z tekne orucumuz bu y\u0131l da \u00e7ok co\u015fkulu bir \u015fekilde kutlan\u0131yor. Binlerce \u00e7ocu\u011fumuz bug\u00fcn alan\u0131m\u0131za geldiler. Onlarla \u00e7ok g\u00fczel vakit ge\u00e7iriyoruz. Ramazan\u0131n birinci g\u00fcn\u00fc itibariyle link \u015feklinde ba\u015fvuru al\u0131yoruz. Bu y\u0131l 5 bin \u00e7ocu\u011fumuz tekne orucumuza ba\u015fvurdu. Bu \u00e7ocuklar\u0131m\u0131za hediye haz\u0131rlayarak kendi adreslerine g\u00f6nderiyoruz. Belirledi\u011fimiz bir g\u00fcn de onlarla iftar a\u00e7\u0131yoruz. \u0130ftar program\u0131m\u0131zda da g\u00fczel e\u011flenceler oluyor. Bir taraftan \u00e7ocuklar\u0131m\u0131za Hacivat &#8211; Karag\u00f6z g\u00f6sterileri, bir taraftan palya\u00e7o e\u011flenceleri ger\u00e7ekle\u015ftiriyoruz. Y\u00fcz boyama ve balon g\u00f6sterileri de yap\u0131yoruz. \u00c7ok g\u00fczel etkinliklerle onlarla burada g\u00fczel vakit ge\u00e7iriyoruz. \u00d6\u011fle saatlerine denk getiriyoruz ve \u00e7ocuklar\u0131m\u0131z tekne orucunu a\u00e7\u0131yor\u201d dedi.<\/p>\n\n\n\n<p>Programa kat\u0131lan \u00e7ocuklar ise tekne orucu a\u00e7man\u0131n mutlulu\u011funu ya\u015fad\u0131.<\/p>\n","protected":false},"excerpt":{"rendered":"<p>Tokat Belediyesi taraf\u0131ndan tekne orucu tutan \u00e7ocuklar i\u00e7in d\u00fczenlenen iftar yeme\u011fi program\u0131n yo\u011fun ilgi g\u00f6rd\u00fc. Tokat Belediyesi taraf\u0131ndan ba\u015flat\u0131lan ve bu y\u0131l \u00fc\u00e7\u00fcnc\u00fcs\u00fc d\u00fczenlenen tekne orucu tutan \u00e7ocuklar i\u00e7in d\u00fczenlenen iftar yeme\u011fi program\u0131 yo\u011fun ilgi g\u00f6rd\u00fc. H\u0131d\u0131rl\u0131k Sosyal tesisleri bah\u00e7esinde iftar \u00e7ad\u0131r\u0131 kurulan alanda 4 &#8211; 9 ya\u015f aras\u0131nda tekne orucu tutan \u00e7ocuklar i\u00e7in etkinlik [&hellip;]<\/p>\n","protected":false},"author":2,"featured_media":1456,"comment_status":"open","ping_status":"open","sticky":false,"template":"","format":"standard","meta":{"footnotes":""},"categories":[1],"tags":[],"class_list":["post-1455","post","type-post","status-publish","format-standard","has-post-thumbnail","hentry","category-turhal-haberleri"],"_links":{"self":[{"href":"https:\/\/www.turhalhakimiyet.com\/index.php\/wp-json\/wp\/v2\/posts\/1455","targetHints":{"allow":["GET"]}}],"collection":[{"href":"https:\/\/www.turhalhakimiyet.com\/index.php\/wp-json\/wp\/v2\/posts"}],"about":[{"href":"https:\/\/www.turhalhakimiyet.com\/index.php\/wp-json\/wp\/v2\/types\/post"}],"author":[{"embeddable":true,"href":"https:\/\/www.turhalhakimiyet.com\/index.php\/wp-json\/wp\/v2\/users\/2"}],"replies":[{"embeddable":true,"href":"https:\/\/www.turhalhakimiyet.com\/index.php\/wp-json\/wp\/v2\/comments?post=1455"}],"version-history":[{"count":1,"href":"https:\/\/www.turhalhakimiyet.com\/index.php\/wp-json\/wp\/v2\/posts\/1455\/revisions"}],"predecessor-version":[{"id":1457,"href":"https:\/\/www.turhalhakimiyet.com\/index.php\/wp-json\/wp\/v2\/posts\/1455\/revisions\/1457"}],"wp:featuredmedia":[{"embeddable":true,"href":"https:\/\/www.turhalhakimiyet.com\/index.php\/wp-json\/wp\/v2\/media\/1456"}],"wp:attachment":[{"href":"https:\/\/www.turhalhakimiyet.com\/index.php\/wp-json\/wp\/v2\/media?parent=1455"}],"wp:term":[{"taxonomy":"category","embeddable":true,"href":"https:\/\/www.turhalhakimiyet.com\/index.php\/wp-json\/wp\/v2\/categories?post=1455"},{"taxonomy":"post_tag","embeddable":true,"href":"https:\/\/www.turhalhakimiyet.com\/index.php\/wp-json\/wp\/v2\/tags?post=1455"}],"curies":[{"name":"wp","href":"https:\/\/api.w.org\/{rel}","templated":true}]}}