{"id":1458,"date":"2024-03-27T10:18:23","date_gmt":"2024-03-27T07:18:23","guid":{"rendered":"https:\/\/www.turhalhakimiyet.com\/?p=1458"},"modified":"2024-03-27T10:18:23","modified_gmt":"2024-03-27T07:18:23","slug":"tokatta-elektrikli-bisiklet-yangina-neden-oldu","status":"publish","type":"post","link":"https:\/\/www.turhalhakimiyet.com\/index.php\/tokatta-elektrikli-bisiklet-yangina-neden-oldu\/","title":{"rendered":"Tokat\u2019ta elektrikli bisiklet yang\u0131na neden oldu"},"content":{"rendered":"\n<p>Tokat\u2019ta bir evde \u015farjda b\u0131rak\u0131lan elektrikli bisiklet yang\u0131na neden oldu.<\/p>\n\n\n\n<p>Olay So\u011fukp\u0131nar Mahallesinde bulunan bir apartmanda meydana geldi. \u0130ddiaya g\u00f6re yabanc\u0131 uyruklu vatanda\u015flar elektrikli bisikleti evin i\u00e7inde \u015farja takt\u0131. Bir s\u00fcre sonra \u015farjdaki bisiklet alev ald\u0131. \u0130hbar \u00fczerine olay yerine itfaiye ve sa\u011fl\u0131k ekipleri sevk edildi. Evin yand\u0131\u011f\u0131n\u0131 g\u00f6ren ismi \u00f6\u011frenilemeyen yabanc\u0131 uyruklu bir ki\u015fi bayg\u0131nl\u0131k ge\u00e7irdi. \u0130tfaiye ekiplerinin erken m\u00fcdahalesiyle yang\u0131n b\u00fcy\u00fcmeden s\u00f6nd\u00fcr\u00fcld\u00fc.<\/p>\n\n\n\n<p>Yang\u0131nla ilgili inceleme ba\u015flat\u0131ld\u0131.<\/p>\n","protected":false},"excerpt":{"rendered":"<p>Tokat\u2019ta bir evde \u015farjda b\u0131rak\u0131lan elektrikli bisiklet yang\u0131na neden oldu. Olay So\u011fukp\u0131nar Mahallesinde bulunan bir apartmanda meydana geldi. \u0130ddiaya g\u00f6re yabanc\u0131 uyruklu vatanda\u015flar elektrikli bisikleti evin i\u00e7inde \u015farja takt\u0131. Bir s\u00fcre sonra \u015farjdaki bisiklet alev ald\u0131. \u0130hbar \u00fczerine olay yerine itfaiye ve sa\u011fl\u0131k ekipleri sevk edildi. Evin yand\u0131\u011f\u0131n\u0131 g\u00f6ren ismi \u00f6\u011frenilemeyen yabanc\u0131 uyruklu bir ki\u015fi [&hellip;]<\/p>\n","protected":false},"author":2,"featured_media":1459,"comment_status":"open","ping_status":"open","sticky":false,"template":"","format":"standard","meta":{"footnotes":""},"categories":[1],"tags":[],"class_list":["post-1458","post","type-post","status-publish","format-standard","has-post-thumbnail","hentry","category-turhal-haberleri"],"_links":{"self":[{"href":"https:\/\/www.turhalhakimiyet.com\/index.php\/wp-json\/wp\/v2\/posts\/1458","targetHints":{"allow":["GET"]}}],"collection":[{"href":"https:\/\/www.turhalhakimiyet.com\/index.php\/wp-json\/wp\/v2\/posts"}],"about":[{"href":"https:\/\/www.turhalhakimiyet.com\/index.php\/wp-json\/wp\/v2\/types\/post"}],"author":[{"embeddable":true,"href":"https:\/\/www.turhalhakimiyet.com\/index.php\/wp-json\/wp\/v2\/users\/2"}],"replies":[{"embeddable":true,"href":"https:\/\/www.turhalhakimiyet.com\/index.php\/wp-json\/wp\/v2\/comments?post=1458"}],"version-history":[{"count":1,"href":"https:\/\/www.turhalhakimiyet.com\/index.php\/wp-json\/wp\/v2\/posts\/1458\/revisions"}],"predecessor-version":[{"id":1460,"href":"https:\/\/www.turhalhakimiyet.com\/index.php\/wp-json\/wp\/v2\/posts\/1458\/revisions\/1460"}],"wp:featuredmedia":[{"embeddable":true,"href":"https:\/\/www.turhalhakimiyet.com\/index.php\/wp-json\/wp\/v2\/media\/1459"}],"wp:attachment":[{"href":"https:\/\/www.turhalhakimiyet.com\/index.php\/wp-json\/wp\/v2\/media?parent=1458"}],"wp:term":[{"taxonomy":"category","embeddable":true,"href":"https:\/\/www.turhalhakimiyet.com\/index.php\/wp-json\/wp\/v2\/categories?post=1458"},{"taxonomy":"post_tag","embeddable":true,"href":"https:\/\/www.turhalhakimiyet.com\/index.php\/wp-json\/wp\/v2\/tags?post=1458"}],"curies":[{"name":"wp","href":"https:\/\/api.w.org\/{rel}","templated":true}]}}