{"id":148,"date":"2021-05-17T20:10:01","date_gmt":"2021-05-17T17:10:01","guid":{"rendered":"https:\/\/www.turhalhakimiyet.com\/?p=148"},"modified":"2021-05-17T20:10:01","modified_gmt":"2021-05-17T17:10:01","slug":"tokatin-kayip-cocuklari-bulunamadi","status":"publish","type":"post","link":"https:\/\/www.turhalhakimiyet.com\/index.php\/tokatin-kayip-cocuklari-bulunamadi\/","title":{"rendered":"Tokat\u2019\u0131n kay\u0131p \u00e7ocuklar\u0131 bulunamad\u0131"},"content":{"rendered":"<p><strong class=\"searchword\">Tokat<\/strong>&#8216;ta, kayboldu\u011funda 7 ya\u015f\u0131nda olan Dursun Ka\u011fan Ta\u015f\u00e7\u0131\u2019dan yakla\u015f\u0131k 6 y\u0131ld\u0131r, 3.5 ya\u015f\u0131ndaki Evrim\u2019den ise yakla\u015f\u0131k 3 y\u0131ld\u0131r haber al\u0131nam\u0131yor. Yakla\u015f\u0131k 17 saattir kay\u0131p olan S\u00fcleyman Asaf Y\u0131ld\u0131r\u0131m&#8217;\u0131 arama \u00e7al\u0131\u015fmalar\u0131 ise devam ediyor.<br \/>\n<strong class=\"searchword\">Tokat<\/strong>\u00a0merkeze ba\u011fl\u0131 \u00c7at Beldesi Sek\u00fcda\u011f Yaylas\u0131&#8217;nda hayvanc\u0131l\u0131kla u\u011fra\u015fan S\u00fcleyman-Sema Y\u0131ld\u0131r\u0131m \u00e7iftinin 6 \u00e7ocu\u011fundan S\u00fcleyman Y\u0131ld\u0131r\u0131m\u2019\u0131n kaybolmas\u0131 ak\u0131llara,\u00a0<strong class=\"searchword\">Tokat<\/strong>&#8216;ta kaybolan ve hen\u00fcz bulunamayan \u00e7ocuklar\u0131 getirdi.\u00a0<strong class=\"searchword\">Tokat<\/strong>&#8216;\u0131n Re\u015fadiye il\u00e7esi \u00c7ermik Mahallesi&#8217;nde oturan Adile ve \u00d6mer Erol \u00e7iftinin \u00e7ocuklar\u0131 Bayram ile kom\u015fular\u0131 Nafize ve \u0130brahim Ta\u015f\u00e7\u0131 \u00e7iftinin \u00e7ocuklar\u0131 Dursun Ka\u011fan, 29 Aral\u0131k 2015 tarihinde sabah saatlerinde oyun oynamak i\u00e7in evlerinden \u00e7\u0131kt\u0131ktan sonra kayboldu. Aylarca Kelkit \u00c7ay\u0131&#8217;na d\u00fc\u015fm\u00fc\u015f olabilece\u011fi ihtimaline kar\u015f\u0131 yap\u0131lan arama \u00e7al\u0131\u015fmalar\u0131nda sonu\u00e7 al\u0131nmazken, \u00e7ocuklar\u0131n ka\u00e7\u0131r\u0131lma veya \u00f6ld\u00fcr\u00fclme ihtimali \u00fczerine \u00f6zel ekipler taraf\u0131ndan yap\u0131lan \u00e7al\u0131\u015fmalardan da sonu\u00e7 al\u0131namad\u0131. Olaydan 2.5 y\u0131l sonra Kelkit \u00c7ay\u0131&#8217;na u\u00e7an bir ara\u00e7ta sulara kap\u0131larak kaybolan Muhtar Ayhan Cebe\u2019yi bulmak i\u00e7in ba\u015flat\u0131lan \u00e7al\u0131\u015fmalarda beklenmeyen bir geli\u015fme ya\u015fand\u0131. Dalg\u0131\u00e7lar HES g\u00f6letinin mazgallar\u0131nda spor ayakkab\u0131 i\u00e7inde \u00e7orap ve kemik par\u00e7alar\u0131 buldu. Bulunan kemik par\u00e7alar\u0131n\u0131n yap\u0131lan DNA testinde Bayram Erol\u2019a ait oldu\u011fu tespit edildi. Bayram\u2019\u0131n en az\u0131ndan bir mezar\u0131 olurken, kay\u0131p \u00e7ocuklardan Dursun Kaan Ta\u015f\u00e7\u0131\u2019n\u0131n ailesi y\u0131llard\u0131r gelecek bir haberi bekliyor.<\/p>\n<p>3.5 ya\u015f\u0131nda kaybolan Evrim olay\u0131 ayd\u0131nlat\u0131lamad\u0131<br \/>\n<strong class=\"searchword\">Tokat<\/strong>&#8216;\u0131n\u00a0<strong class=\"searchword\">Turhal<\/strong>\u00a0il\u00e7esine ba\u011fl\u0131 Yenisu k\u00f6y\u00fc yaylas\u0131nda 2 \u00e7ocuklu Burhan ve Dilek At\u0131\u015f \u00e7iftinin 3,5 ya\u015f\u0131ndaki \u00e7ocuklar\u0131 Evrim 10 Temmuz 2018 tarihinde kayboldu. Aylarca s\u00fcren Evrim&#8217;i arama \u00e7al\u0131\u015fmalar\u0131 sonland\u0131r\u0131l\u0131rken, olayla ilgili ba\u015flat\u0131lan soru\u015fturma devam ediyor. Bug\u00fcne kadar Evrim\u2019le ilgili bir ize rastlanmad\u0131. Evrim ve S\u00fcleyman Asaf&#8217;\u0131n kaybolma \u015fekillerindeki benzerlik dikkat \u00e7ekti.<\/p>\n","protected":false},"excerpt":{"rendered":"<p>Tokat&#8216;ta, kayboldu\u011funda 7 ya\u015f\u0131nda olan Dursun Ka\u011fan Ta\u015f\u00e7\u0131\u2019dan yakla\u015f\u0131k 6 y\u0131ld\u0131r, 3.5 ya\u015f\u0131ndaki Evrim\u2019den ise yakla\u015f\u0131k 3 y\u0131ld\u0131r haber al\u0131nam\u0131yor. Yakla\u015f\u0131k 17 saattir kay\u0131p olan S\u00fcleyman Asaf Y\u0131ld\u0131r\u0131m&#8217;\u0131 arama \u00e7al\u0131\u015fmalar\u0131 ise devam ediyor. Tokat\u00a0merkeze ba\u011fl\u0131 \u00c7at Beldesi Sek\u00fcda\u011f Yaylas\u0131&#8217;nda hayvanc\u0131l\u0131kla u\u011fra\u015fan S\u00fcleyman-Sema Y\u0131ld\u0131r\u0131m \u00e7iftinin 6 \u00e7ocu\u011fundan S\u00fcleyman Y\u0131ld\u0131r\u0131m\u2019\u0131n kaybolmas\u0131 ak\u0131llara,\u00a0Tokat&#8216;ta kaybolan ve hen\u00fcz bulunamayan \u00e7ocuklar\u0131 [&hellip;]<\/p>\n","protected":false},"author":2,"featured_media":149,"comment_status":"open","ping_status":"open","sticky":false,"template":"","format":"standard","meta":{"footnotes":""},"categories":[1],"tags":[],"class_list":["post-148","post","type-post","status-publish","format-standard","has-post-thumbnail","hentry","category-turhal-haberleri"],"_links":{"self":[{"href":"https:\/\/www.turhalhakimiyet.com\/index.php\/wp-json\/wp\/v2\/posts\/148","targetHints":{"allow":["GET"]}}],"collection":[{"href":"https:\/\/www.turhalhakimiyet.com\/index.php\/wp-json\/wp\/v2\/posts"}],"about":[{"href":"https:\/\/www.turhalhakimiyet.com\/index.php\/wp-json\/wp\/v2\/types\/post"}],"author":[{"embeddable":true,"href":"https:\/\/www.turhalhakimiyet.com\/index.php\/wp-json\/wp\/v2\/users\/2"}],"replies":[{"embeddable":true,"href":"https:\/\/www.turhalhakimiyet.com\/index.php\/wp-json\/wp\/v2\/comments?post=148"}],"version-history":[{"count":1,"href":"https:\/\/www.turhalhakimiyet.com\/index.php\/wp-json\/wp\/v2\/posts\/148\/revisions"}],"predecessor-version":[{"id":150,"href":"https:\/\/www.turhalhakimiyet.com\/index.php\/wp-json\/wp\/v2\/posts\/148\/revisions\/150"}],"wp:featuredmedia":[{"embeddable":true,"href":"https:\/\/www.turhalhakimiyet.com\/index.php\/wp-json\/wp\/v2\/media\/149"}],"wp:attachment":[{"href":"https:\/\/www.turhalhakimiyet.com\/index.php\/wp-json\/wp\/v2\/media?parent=148"}],"wp:term":[{"taxonomy":"category","embeddable":true,"href":"https:\/\/www.turhalhakimiyet.com\/index.php\/wp-json\/wp\/v2\/categories?post=148"},{"taxonomy":"post_tag","embeddable":true,"href":"https:\/\/www.turhalhakimiyet.com\/index.php\/wp-json\/wp\/v2\/tags?post=148"}],"curies":[{"name":"wp","href":"https:\/\/api.w.org\/{rel}","templated":true}]}}