{"id":1485,"date":"2024-04-24T09:50:49","date_gmt":"2024-04-24T06:50:49","guid":{"rendered":"https:\/\/www.turhalhakimiyet.com\/?p=1485"},"modified":"2024-04-24T09:50:49","modified_gmt":"2024-04-24T06:50:49","slug":"tokatta-depremden-etkilenen-cocuklar-sandallarla-gezdirildi","status":"publish","type":"post","link":"https:\/\/www.turhalhakimiyet.com\/index.php\/tokatta-depremden-etkilenen-cocuklar-sandallarla-gezdirildi\/","title":{"rendered":"Tokat\u2019ta depremden etkilenen \u00e7ocuklar sandallarla gezdirildi"},"content":{"rendered":"\n<p>Tokat Belediyesi, Sulusaray depreminin izlerini silmek ve \u00e7ocuklar\u0131n moralini y\u00fckseltmek amac\u0131yla harekete ge\u00e7ti. Bu kapsamda, Sulusaray, Ye\u015filyurt ve Artova il\u00e7elerinde e\u011fitim g\u00f6ren \u00f6\u011frenciler, kent merkezinde \u00f6zel bir etkinlikle kar\u015f\u0131land\u0131.<br><\/p>\n\n\n\n<p>Tokat Belediyesi, Sulusaray depreminin etkiledi\u011fi \u00e7ocuklar\u0131n moral ve motivasyonunu art\u0131rmak amac\u0131yla Sulusaray, Ye\u015filyurt ve Artova il\u00e7elerinde e\u011fitim g\u00f6ren \u00f6\u011frencileri kent merkezinde a\u011f\u0131rlad\u0131. \u00d6\u011frencileri bayraklarla kar\u015f\u0131layan Belediye Ba\u015fkan\u0131 Mehmet Kemal Yaz\u0131c\u0131o\u011flu, birlikte hat\u0131ra foto\u011fraf\u0131 \u00e7ektirdi. Ard\u0131ndan \u00f6\u011frenciler sandallarla Ye\u015fil\u0131rmak gezisi yapt\u0131.<br><\/p>\n\n\n\n<p>&#8220;Herkes \u00e7ok ne\u015feli&#8221;<\/p>\n\n\n\n<p>Ba\u015fkan Yaz\u0131c\u0131o\u011flu, herkesin 23 Nisan dolay\u0131s\u0131yla ne\u015feli oldu\u011funu ifade ederek, &#8220;Bu depremden dolay\u0131 biraz tedirgin olduk. \u00d6zellikle Sulusaray, Ye\u015filyurt ve bir\u00e7ok il\u00e7e ile beldede bu depremi ya\u015fad\u0131k. Bug\u00fcn 23 Nisan, herkes \u00e7ok ne\u015feli. Biz de Tokat Belediyesi olarak bu gen\u00e7 arkada\u015flar\u0131m\u0131z\u0131 burada a\u011f\u0131rlaman\u0131n mutlulu\u011fu i\u00e7erisindeyiz. Hem bu depremin psikolojisinden kurtulmak hem de bayram\u0131 co\u015fkuyla ya\u015famak ad\u0131na b\u00f6yle bir organizasyon yapt\u0131k. Onlar da bizi k\u0131rmad\u0131lar, te\u015frif ettiler. \u00c7ok te\u015fekk\u00fcr ediyorum arkada\u015flara. Bug\u00fcn ulu \u00f6nderimizin asl\u0131nda en anlaml\u0131 k\u0131ld\u0131\u011f\u0131 bayramlardan biri. Gen\u00e7lere bu \u00fclkeyi emanet etti. Yar\u0131n bir g\u00fcn sizler de belki Tokat\u2019ta idareci olacaks\u0131n\u0131z. T\u00fcrkiye\u2019nin bir\u00e7ok yerinde g\u00f6rev yapacaks\u0131n\u0131z. Hepiniz ba\u015far\u0131l\u0131 olacaks\u0131n\u0131z. Bu bir ba\u015flang\u0131\u00e7. \u00d6ncelikle geldi\u011finiz i\u00e7in tekrardan \u00e7ok te\u015fekk\u00fcr ediyorum. \u0130yi ki vars\u0131n\u0131z arkada\u015flar. Bayram\u0131n\u0131z m\u00fcbarek olsun. Kutlu olsun. Te\u015fekk\u00fcr ediyorum&#8221; \u015feklinde konu\u015ftu.<\/p>\n","protected":false},"excerpt":{"rendered":"<p>Tokat Belediyesi, Sulusaray depreminin izlerini silmek ve \u00e7ocuklar\u0131n moralini y\u00fckseltmek amac\u0131yla harekete ge\u00e7ti. Bu kapsamda, Sulusaray, Ye\u015filyurt ve Artova il\u00e7elerinde e\u011fitim g\u00f6ren \u00f6\u011frenciler, kent merkezinde \u00f6zel bir etkinlikle kar\u015f\u0131land\u0131. Tokat Belediyesi, Sulusaray depreminin etkiledi\u011fi \u00e7ocuklar\u0131n moral ve motivasyonunu art\u0131rmak amac\u0131yla Sulusaray, Ye\u015filyurt ve Artova il\u00e7elerinde e\u011fitim g\u00f6ren \u00f6\u011frencileri kent merkezinde a\u011f\u0131rlad\u0131. \u00d6\u011frencileri bayraklarla kar\u015f\u0131layan Belediye [&hellip;]<\/p>\n","protected":false},"author":2,"featured_media":1487,"comment_status":"open","ping_status":"open","sticky":false,"template":"","format":"standard","meta":{"footnotes":""},"categories":[1],"tags":[],"class_list":["post-1485","post","type-post","status-publish","format-standard","has-post-thumbnail","hentry","category-turhal-haberleri"],"_links":{"self":[{"href":"https:\/\/www.turhalhakimiyet.com\/index.php\/wp-json\/wp\/v2\/posts\/1485","targetHints":{"allow":["GET"]}}],"collection":[{"href":"https:\/\/www.turhalhakimiyet.com\/index.php\/wp-json\/wp\/v2\/posts"}],"about":[{"href":"https:\/\/www.turhalhakimiyet.com\/index.php\/wp-json\/wp\/v2\/types\/post"}],"author":[{"embeddable":true,"href":"https:\/\/www.turhalhakimiyet.com\/index.php\/wp-json\/wp\/v2\/users\/2"}],"replies":[{"embeddable":true,"href":"https:\/\/www.turhalhakimiyet.com\/index.php\/wp-json\/wp\/v2\/comments?post=1485"}],"version-history":[{"count":1,"href":"https:\/\/www.turhalhakimiyet.com\/index.php\/wp-json\/wp\/v2\/posts\/1485\/revisions"}],"predecessor-version":[{"id":1488,"href":"https:\/\/www.turhalhakimiyet.com\/index.php\/wp-json\/wp\/v2\/posts\/1485\/revisions\/1488"}],"wp:featuredmedia":[{"embeddable":true,"href":"https:\/\/www.turhalhakimiyet.com\/index.php\/wp-json\/wp\/v2\/media\/1487"}],"wp:attachment":[{"href":"https:\/\/www.turhalhakimiyet.com\/index.php\/wp-json\/wp\/v2\/media?parent=1485"}],"wp:term":[{"taxonomy":"category","embeddable":true,"href":"https:\/\/www.turhalhakimiyet.com\/index.php\/wp-json\/wp\/v2\/categories?post=1485"},{"taxonomy":"post_tag","embeddable":true,"href":"https:\/\/www.turhalhakimiyet.com\/index.php\/wp-json\/wp\/v2\/tags?post=1485"}],"curies":[{"name":"wp","href":"https:\/\/api.w.org\/{rel}","templated":true}]}}