{"id":151,"date":"2021-05-17T20:13:45","date_gmt":"2021-05-17T17:13:45","guid":{"rendered":"https:\/\/www.turhalhakimiyet.com\/?p=151"},"modified":"2021-05-17T20:13:45","modified_gmt":"2021-05-17T17:13:45","slug":"tokatta-cuma-namazini-stadyumda-kilindi","status":"publish","type":"post","link":"https:\/\/www.turhalhakimiyet.com\/index.php\/tokatta-cuma-namazini-stadyumda-kilindi\/","title":{"rendered":"Tokat\u2019ta Cuma namaz\u0131n\u0131 stadyumda k\u0131l\u0131nd\u0131"},"content":{"rendered":"<p>Tokat\u2019\u0131n Niksar il\u00e7esinde Ramazan Bayram\u0131nda Cuma namaz\u0131 futbol sahas\u0131nda k\u0131l\u0131nd\u0131.<br \/>\nTokat\u2019\u0131n Niksar il\u00e7esinde Cuma namaz\u0131 Covid-19 tedbirleriyle k\u0131ld\u0131. Bayram\u0131n ikinci g\u00fcn\u00fcnde camilere ak\u0131n eden vatanda\u015flar sosyal mesafe ve hijyen kurallar\u0131na \u00f6nem g\u00f6sterdi. Kimi vatanda\u015flar cami avlusunda namaz k\u0131larken kimi vatanda\u015flarda il\u00e7e stadyumunu tercih etti. Futbol sahas\u0131na seccadelerini yan\u0131nda getiren cemaat sosyal mesafeye g\u00f6re saf tuttu. Vatanda\u015flar g\u00fcne\u015fli havada Cuma namaz\u0131n\u0131 eda etti. Cuma namaz\u0131n\u0131n ard\u0131ndan Filistin&#8217;de hayat\u0131n\u0131 kaybedenler i\u00e7in G\u0131yabi cenaze namaz\u0131 k\u0131l\u0131nd\u0131.<br \/>\n\u0130l\u00e7e sakinlerinden Mehmet T\u00fcrk\u00fc, pandeminin etkilerinden korunmak i\u00e7in Cuma namaz\u0131n\u0131 a\u00e7\u0131k alanda stadyumda k\u0131lmay\u0131 tercih ettiklerini s\u00f6yledi. Bayram namaz\u0131 ve Cuma namaz\u0131n\u0131n stadyumda eda edildi\u011fini belirten T\u00fcrk\u00fc, bu \u015fekilde korona vir\u00fcse kar\u015f\u0131 \u00f6nlem ald\u0131klar\u0131n\u0131 dile getirdi. Emekli Mustafa G\u00fcm\u00fc\u015f (66) ise \u00fcz\u00fcnt\u00fcs\u00fcn\u00fc dile getirerek, &#8220;\u00dcz\u00fcnt\u00fcl\u00fc bir namaz k\u0131ld\u0131k. Rabbim \u0130srail&#8217;i peri\u015fan etsin. Oraya da T\u00fcrk askeri gitmeden bu i\u015f \u00e7\u00f6z\u00fclmez. Her yerde askerimiz var orada da olsun istiyorum\u201d diye konu\u015ftu.<\/p>\n","protected":false},"excerpt":{"rendered":"<p>Tokat\u2019\u0131n Niksar il\u00e7esinde Ramazan Bayram\u0131nda Cuma namaz\u0131 futbol sahas\u0131nda k\u0131l\u0131nd\u0131. Tokat\u2019\u0131n Niksar il\u00e7esinde Cuma namaz\u0131 Covid-19 tedbirleriyle k\u0131ld\u0131. Bayram\u0131n ikinci g\u00fcn\u00fcnde camilere ak\u0131n eden vatanda\u015flar sosyal mesafe ve hijyen kurallar\u0131na \u00f6nem g\u00f6sterdi. Kimi vatanda\u015flar cami avlusunda namaz k\u0131larken kimi vatanda\u015flarda il\u00e7e stadyumunu tercih etti. Futbol sahas\u0131na seccadelerini yan\u0131nda getiren cemaat sosyal mesafeye g\u00f6re saf tuttu. [&hellip;]<\/p>\n","protected":false},"author":2,"featured_media":152,"comment_status":"open","ping_status":"open","sticky":false,"template":"","format":"standard","meta":{"footnotes":""},"categories":[1],"tags":[],"class_list":["post-151","post","type-post","status-publish","format-standard","has-post-thumbnail","hentry","category-turhal-haberleri"],"_links":{"self":[{"href":"https:\/\/www.turhalhakimiyet.com\/index.php\/wp-json\/wp\/v2\/posts\/151","targetHints":{"allow":["GET"]}}],"collection":[{"href":"https:\/\/www.turhalhakimiyet.com\/index.php\/wp-json\/wp\/v2\/posts"}],"about":[{"href":"https:\/\/www.turhalhakimiyet.com\/index.php\/wp-json\/wp\/v2\/types\/post"}],"author":[{"embeddable":true,"href":"https:\/\/www.turhalhakimiyet.com\/index.php\/wp-json\/wp\/v2\/users\/2"}],"replies":[{"embeddable":true,"href":"https:\/\/www.turhalhakimiyet.com\/index.php\/wp-json\/wp\/v2\/comments?post=151"}],"version-history":[{"count":1,"href":"https:\/\/www.turhalhakimiyet.com\/index.php\/wp-json\/wp\/v2\/posts\/151\/revisions"}],"predecessor-version":[{"id":153,"href":"https:\/\/www.turhalhakimiyet.com\/index.php\/wp-json\/wp\/v2\/posts\/151\/revisions\/153"}],"wp:featuredmedia":[{"embeddable":true,"href":"https:\/\/www.turhalhakimiyet.com\/index.php\/wp-json\/wp\/v2\/media\/152"}],"wp:attachment":[{"href":"https:\/\/www.turhalhakimiyet.com\/index.php\/wp-json\/wp\/v2\/media?parent=151"}],"wp:term":[{"taxonomy":"category","embeddable":true,"href":"https:\/\/www.turhalhakimiyet.com\/index.php\/wp-json\/wp\/v2\/categories?post=151"},{"taxonomy":"post_tag","embeddable":true,"href":"https:\/\/www.turhalhakimiyet.com\/index.php\/wp-json\/wp\/v2\/tags?post=151"}],"curies":[{"name":"wp","href":"https:\/\/api.w.org\/{rel}","templated":true}]}}