{"id":1511,"date":"2024-05-10T10:23:02","date_gmt":"2024-05-10T07:23:02","guid":{"rendered":"https:\/\/www.turhalhakimiyet.com\/?p=1511"},"modified":"2024-05-10T10:23:02","modified_gmt":"2024-05-10T07:23:02","slug":"erbaada-ozel-cocuklar-bahar-senliginde-bulustu","status":"publish","type":"post","link":"https:\/\/www.turhalhakimiyet.com\/index.php\/erbaada-ozel-cocuklar-bahar-senliginde-bulustu\/","title":{"rendered":"Erbaa\u2019da \u00f6zel \u00e7ocuklar Bahar \u015eenli\u011finde bulu\u015ftu"},"content":{"rendered":"\n<p>Erbaa Belediyesi Engelliler Haftas\u0131 sebebiyle atl\u0131 bah\u00e7ede \u00f6zel \u00e7ocuklar i\u00e7in bahar \u015fenli\u011fi d\u00fczenledi.<\/p>\n\n\n\n<p>Erbaa Belediyesi Engelliler Haftas\u0131 sebebiyle \u00f6zel e\u011fitim uygulama okulu \u00f6\u011frencilerine bahar \u015fenli\u011fi d\u00fczenledi. Atl\u0131 bah\u00e7ede d\u00fczenlenen etkinlikte, \u00e7ocuklar m\u00fczik ve oyunlarla e\u011flenceli dakikalar ya\u015fad\u0131. Erbaa Belediye Ba\u015fkan\u0131 Ertu\u011frul Karag\u00f6l ile birlikte pasta kesip sportif aktiviteler ger\u00e7ekle\u015ftiren \u00f6zel \u00f6\u011frenciler \u015fenlikte doyas\u0131ya e\u011flendi.<\/p>\n\n\n\n<p>\u00d6\u011frencilerle bir araya gelmekten onlar\u0131n mutlulu\u011funa \u015fahit olmaktan b\u00fcy\u00fck keyif ald\u0131klar\u0131n\u0131 ifade eden Erbaa Belediye Ba\u015fkan\u0131 Ertu\u011frul Karag\u00f6l, \u201cEminim \u00f6\u011frencilerimiz i\u00e7in \u00e7ok g\u00fczel bir g\u00fcn oluyordur. Farkl\u0131 bir hafta oluyordur. \u0130n\u015fallah 10-16 May\u0131s aras\u0131nda kutlad\u0131\u011f\u0131n\u0131z bu g\u00fczel haftan\u0131z\u0131, \u00f6zel haftan\u0131z\u0131 kutluyor, tebrik ediyorum. \u0130n\u015fallah bu etkinlikler, bu sosyalle\u015fme \u00f6\u011frencilerimizin hayata daha fazla tutunmas\u0131na vesile olur. Ben \u00f6zel \u00f6\u011frencilerimize verdi\u011finiz emek i\u00e7in ayr\u0131ca da \u00e7ok te\u015fekk\u00fcr ediyorum. Bu \u00f6rnek olacak in\u015fallah. Hocalar\u0131m\u0131zla, m\u00fcd\u00fcrlerimizle konu\u015ftu\u011fumuz gibi in\u015fallah bu etkinli\u011fi Tokat geneline de yayar\u0131z. Erbaa \u00f6rnek olur. \u0130n\u015fallah bu etkinlikte Tokat\u2019\u0131n b\u00fct\u00fcn \u00f6\u011frencilerini misafir etti\u011fimiz nice g\u00fczel \u00e7al\u0131\u015fmalar olur. Erbaa olarak b\u00fct\u00fcn Tokat\u2019a \u00f6rnek olmu\u015f oluruz. Ben o anlamda, eme\u011fi ge\u00e7en herkese, ailelerimize, \u00f6\u011fretmenlerimize ve sizlerin yan\u0131nda \u00e7al\u0131\u015fan ablalar\u0131m\u0131za te\u015fekk\u00fcr ediyorum. Hayata daha \u00e7ok tutundu\u011fumuz daha fazla payda\u015f\u0131m\u0131z\u0131n oldu\u011fu bir gelecek diliyorum\u201d dedi.<\/p>\n","protected":false},"excerpt":{"rendered":"<p>Erbaa Belediyesi Engelliler Haftas\u0131 sebebiyle atl\u0131 bah\u00e7ede \u00f6zel \u00e7ocuklar i\u00e7in bahar \u015fenli\u011fi d\u00fczenledi. Erbaa Belediyesi Engelliler Haftas\u0131 sebebiyle \u00f6zel e\u011fitim uygulama okulu \u00f6\u011frencilerine bahar \u015fenli\u011fi d\u00fczenledi. Atl\u0131 bah\u00e7ede d\u00fczenlenen etkinlikte, \u00e7ocuklar m\u00fczik ve oyunlarla e\u011flenceli dakikalar ya\u015fad\u0131. Erbaa Belediye Ba\u015fkan\u0131 Ertu\u011frul Karag\u00f6l ile birlikte pasta kesip sportif aktiviteler ger\u00e7ekle\u015ftiren \u00f6zel \u00f6\u011frenciler \u015fenlikte doyas\u0131ya e\u011flendi. \u00d6\u011frencilerle [&hellip;]<\/p>\n","protected":false},"author":2,"featured_media":1512,"comment_status":"open","ping_status":"open","sticky":false,"template":"","format":"standard","meta":{"footnotes":""},"categories":[1],"tags":[],"class_list":["post-1511","post","type-post","status-publish","format-standard","has-post-thumbnail","hentry","category-turhal-haberleri"],"_links":{"self":[{"href":"https:\/\/www.turhalhakimiyet.com\/index.php\/wp-json\/wp\/v2\/posts\/1511","targetHints":{"allow":["GET"]}}],"collection":[{"href":"https:\/\/www.turhalhakimiyet.com\/index.php\/wp-json\/wp\/v2\/posts"}],"about":[{"href":"https:\/\/www.turhalhakimiyet.com\/index.php\/wp-json\/wp\/v2\/types\/post"}],"author":[{"embeddable":true,"href":"https:\/\/www.turhalhakimiyet.com\/index.php\/wp-json\/wp\/v2\/users\/2"}],"replies":[{"embeddable":true,"href":"https:\/\/www.turhalhakimiyet.com\/index.php\/wp-json\/wp\/v2\/comments?post=1511"}],"version-history":[{"count":1,"href":"https:\/\/www.turhalhakimiyet.com\/index.php\/wp-json\/wp\/v2\/posts\/1511\/revisions"}],"predecessor-version":[{"id":1513,"href":"https:\/\/www.turhalhakimiyet.com\/index.php\/wp-json\/wp\/v2\/posts\/1511\/revisions\/1513"}],"wp:featuredmedia":[{"embeddable":true,"href":"https:\/\/www.turhalhakimiyet.com\/index.php\/wp-json\/wp\/v2\/media\/1512"}],"wp:attachment":[{"href":"https:\/\/www.turhalhakimiyet.com\/index.php\/wp-json\/wp\/v2\/media?parent=1511"}],"wp:term":[{"taxonomy":"category","embeddable":true,"href":"https:\/\/www.turhalhakimiyet.com\/index.php\/wp-json\/wp\/v2\/categories?post=1511"},{"taxonomy":"post_tag","embeddable":true,"href":"https:\/\/www.turhalhakimiyet.com\/index.php\/wp-json\/wp\/v2\/tags?post=1511"}],"curies":[{"name":"wp","href":"https:\/\/api.w.org\/{rel}","templated":true}]}}