{"id":1538,"date":"2024-05-29T10:14:47","date_gmt":"2024-05-29T07:14:47","guid":{"rendered":"https:\/\/www.turhalhakimiyet.com\/?p=1538"},"modified":"2024-05-29T10:14:47","modified_gmt":"2024-05-29T07:14:47","slug":"ani-bastiran-dolu-ve-yagmur-tarim-arazilerini-vurdu","status":"publish","type":"post","link":"https:\/\/www.turhalhakimiyet.com\/index.php\/ani-bastiran-dolu-ve-yagmur-tarim-arazilerini-vurdu\/","title":{"rendered":"Ani bast\u0131ran dolu ve ya\u011fmur tar\u0131m arazilerini vurdu"},"content":{"rendered":"\n<p>Tokat\u2019ta ak\u015fam\u00fcst\u00fc etkisini art\u0131ran \u015fiddetli ya\u011fmur ve dolu ya\u011f\u0131\u015f\u0131, su ta\u015fk\u0131nlar\u0131na yol a\u00e7arak tarlalar\u0131 ve ekili alanlar\u0131 vurdu. A\u011fa\u00e7lardaki meyveler b\u00fcy\u00fck zarar g\u00f6r\u00fcrken, tar\u0131m arazilerinde hasar olu\u015ftu.<\/p>\n\n\n\n<p>Tokat\u2019\u0131n Ye\u015filyurt il\u00e7esinde ak\u015fam\u00fcst\u00fc \u015fiddetini art\u0131ran ya\u011fmur ve dolu ya\u011f\u0131\u015f\u0131, b\u00f6lgeyi olumsuz etkiledi. K\u0131sa s\u00fcrede bast\u0131ran ya\u011f\u0131\u015f, su ta\u015fk\u0131nlar\u0131na yol a\u00e7t\u0131. Tarlalar\u0131 su basarken, normalde \u0131rmak olmayan yerlerden oluk oluk su akt\u0131. Ya\u011f\u0131\u015flar\u0131n ard\u0131ndan a\u011fa\u00e7lardaki meyveleri dolu vurdu ve b\u00fcy\u00fck hasar meydana geldi. B\u00f6lge halk\u0131, ani bast\u0131ran ya\u011f\u0131\u015fa haz\u0131rl\u0131ks\u0131z yakaland\u0131. Ya\u011fmur ve dolu, tar\u0131m arazilerinde ciddi zarara neden oldu. \u00c7ift\u00e7iler, \u00f6zellikle dolunun a\u011fa\u00e7lardaki meyvelere b\u00fcy\u00fck zarar verdi\u011fini belirtti. Su ta\u015fk\u0131nlar\u0131 ise ekili alanlar\u0131 etkileyerek \u00fcretim kayb\u0131na yol a\u00e7t\u0131.<\/p>\n","protected":false},"excerpt":{"rendered":"<p>Tokat\u2019ta ak\u015fam\u00fcst\u00fc etkisini art\u0131ran \u015fiddetli ya\u011fmur ve dolu ya\u011f\u0131\u015f\u0131, su ta\u015fk\u0131nlar\u0131na yol a\u00e7arak tarlalar\u0131 ve ekili alanlar\u0131 vurdu. A\u011fa\u00e7lardaki meyveler b\u00fcy\u00fck zarar g\u00f6r\u00fcrken, tar\u0131m arazilerinde hasar olu\u015ftu. Tokat\u2019\u0131n Ye\u015filyurt il\u00e7esinde ak\u015fam\u00fcst\u00fc \u015fiddetini art\u0131ran ya\u011fmur ve dolu ya\u011f\u0131\u015f\u0131, b\u00f6lgeyi olumsuz etkiledi. K\u0131sa s\u00fcrede bast\u0131ran ya\u011f\u0131\u015f, su ta\u015fk\u0131nlar\u0131na yol a\u00e7t\u0131. Tarlalar\u0131 su basarken, normalde \u0131rmak olmayan yerlerden [&hellip;]<\/p>\n","protected":false},"author":2,"featured_media":1539,"comment_status":"open","ping_status":"open","sticky":false,"template":"","format":"standard","meta":{"footnotes":""},"categories":[1],"tags":[],"class_list":["post-1538","post","type-post","status-publish","format-standard","has-post-thumbnail","hentry","category-turhal-haberleri"],"_links":{"self":[{"href":"https:\/\/www.turhalhakimiyet.com\/index.php\/wp-json\/wp\/v2\/posts\/1538","targetHints":{"allow":["GET"]}}],"collection":[{"href":"https:\/\/www.turhalhakimiyet.com\/index.php\/wp-json\/wp\/v2\/posts"}],"about":[{"href":"https:\/\/www.turhalhakimiyet.com\/index.php\/wp-json\/wp\/v2\/types\/post"}],"author":[{"embeddable":true,"href":"https:\/\/www.turhalhakimiyet.com\/index.php\/wp-json\/wp\/v2\/users\/2"}],"replies":[{"embeddable":true,"href":"https:\/\/www.turhalhakimiyet.com\/index.php\/wp-json\/wp\/v2\/comments?post=1538"}],"version-history":[{"count":1,"href":"https:\/\/www.turhalhakimiyet.com\/index.php\/wp-json\/wp\/v2\/posts\/1538\/revisions"}],"predecessor-version":[{"id":1540,"href":"https:\/\/www.turhalhakimiyet.com\/index.php\/wp-json\/wp\/v2\/posts\/1538\/revisions\/1540"}],"wp:featuredmedia":[{"embeddable":true,"href":"https:\/\/www.turhalhakimiyet.com\/index.php\/wp-json\/wp\/v2\/media\/1539"}],"wp:attachment":[{"href":"https:\/\/www.turhalhakimiyet.com\/index.php\/wp-json\/wp\/v2\/media?parent=1538"}],"wp:term":[{"taxonomy":"category","embeddable":true,"href":"https:\/\/www.turhalhakimiyet.com\/index.php\/wp-json\/wp\/v2\/categories?post=1538"},{"taxonomy":"post_tag","embeddable":true,"href":"https:\/\/www.turhalhakimiyet.com\/index.php\/wp-json\/wp\/v2\/tags?post=1538"}],"curies":[{"name":"wp","href":"https:\/\/api.w.org\/{rel}","templated":true}]}}