{"id":1558,"date":"2024-06-26T10:14:15","date_gmt":"2024-06-26T07:14:15","guid":{"rendered":"https:\/\/www.turhalhakimiyet.com\/?p=1558"},"modified":"2024-06-26T10:14:15","modified_gmt":"2024-06-26T07:14:15","slug":"kesik-izi-sandilar-hastaneye-gidince-hayatinin-sokunu-yasadilar","status":"publish","type":"post","link":"https:\/\/www.turhalhakimiyet.com\/index.php\/kesik-izi-sandilar-hastaneye-gidince-hayatinin-sokunu-yasadilar\/","title":{"rendered":"Kesik izi sand\u0131lar, hastaneye gidince hayat\u0131n\u0131n \u015fokunu ya\u015fad\u0131lar"},"content":{"rendered":"\n<p>Tokat\u2019ta parkta oynayan 10 ya\u015f\u0131ndaki \u00e7ocuk bir anda yere y\u0131\u011f\u0131ld\u0131. Hastaneye giden aile hayat\u0131n\u0131n \u015fokunu ya\u015fad\u0131.<\/p>\n\n\n\n<p>Olay saat 18.00 s\u0131ralar\u0131nda B\u00fcy\u00fckbeyba\u011f\u0131 Mahallesi\u2019ndeki bir parkta meydana geldi. \u0130ddiaya g\u00f6re, 10 ya\u015f\u0131ndaki Ka\u011fan A. arkada\u015flar\u0131 ile parkta futbol oynamaya ba\u015flad\u0131. Bir s\u00fcre sonra Ka\u011fan A. birden yere y\u0131\u011f\u0131ld\u0131. Arkada\u015flar\u0131 ise bakt\u0131\u011f\u0131nda \u00e7ocu\u011fun ti\u015f\u00f6rt\u00fcnde kesik izi oldu\u011funu ve s\u0131rt b\u00f6lgesinden kan akt\u0131\u011f\u0131n\u0131 g\u00f6rd\u00fc. Haber verilmesi \u00fczerine durum 112 acil \u00e7a\u011fr\u0131 merkezine bildirildi. Olay yerine gelen ambulans ile hastaneye kald\u0131r\u0131lan Ka\u011fan A.\u2019n\u0131n s\u0131rt b\u00f6lgesinden yorgun mermi girdi\u011fi anla\u015f\u0131ld\u0131. Hastaneye giden aile olay nedeniyle \u015fok ya\u015farken, yaralanan \u00e7ocu\u011fun sa\u011fl\u0131k durumunun ise iyi oldu\u011fu \u00f6\u011frenildi. Olayla ilgili inceleme ba\u015flat\u0131ld\u0131.<\/p>\n","protected":false},"excerpt":{"rendered":"<p>Tokat\u2019ta parkta oynayan 10 ya\u015f\u0131ndaki \u00e7ocuk bir anda yere y\u0131\u011f\u0131ld\u0131. Hastaneye giden aile hayat\u0131n\u0131n \u015fokunu ya\u015fad\u0131. Olay saat 18.00 s\u0131ralar\u0131nda B\u00fcy\u00fckbeyba\u011f\u0131 Mahallesi\u2019ndeki bir parkta meydana geldi. \u0130ddiaya g\u00f6re, 10 ya\u015f\u0131ndaki Ka\u011fan A. arkada\u015flar\u0131 ile parkta futbol oynamaya ba\u015flad\u0131. Bir s\u00fcre sonra Ka\u011fan A. birden yere y\u0131\u011f\u0131ld\u0131. Arkada\u015flar\u0131 ise bakt\u0131\u011f\u0131nda \u00e7ocu\u011fun ti\u015f\u00f6rt\u00fcnde kesik izi oldu\u011funu ve [&hellip;]<\/p>\n","protected":false},"author":2,"featured_media":1559,"comment_status":"open","ping_status":"open","sticky":false,"template":"","format":"standard","meta":{"footnotes":""},"categories":[1],"tags":[],"class_list":["post-1558","post","type-post","status-publish","format-standard","has-post-thumbnail","hentry","category-turhal-haberleri"],"_links":{"self":[{"href":"https:\/\/www.turhalhakimiyet.com\/index.php\/wp-json\/wp\/v2\/posts\/1558","targetHints":{"allow":["GET"]}}],"collection":[{"href":"https:\/\/www.turhalhakimiyet.com\/index.php\/wp-json\/wp\/v2\/posts"}],"about":[{"href":"https:\/\/www.turhalhakimiyet.com\/index.php\/wp-json\/wp\/v2\/types\/post"}],"author":[{"embeddable":true,"href":"https:\/\/www.turhalhakimiyet.com\/index.php\/wp-json\/wp\/v2\/users\/2"}],"replies":[{"embeddable":true,"href":"https:\/\/www.turhalhakimiyet.com\/index.php\/wp-json\/wp\/v2\/comments?post=1558"}],"version-history":[{"count":1,"href":"https:\/\/www.turhalhakimiyet.com\/index.php\/wp-json\/wp\/v2\/posts\/1558\/revisions"}],"predecessor-version":[{"id":1560,"href":"https:\/\/www.turhalhakimiyet.com\/index.php\/wp-json\/wp\/v2\/posts\/1558\/revisions\/1560"}],"wp:featuredmedia":[{"embeddable":true,"href":"https:\/\/www.turhalhakimiyet.com\/index.php\/wp-json\/wp\/v2\/media\/1559"}],"wp:attachment":[{"href":"https:\/\/www.turhalhakimiyet.com\/index.php\/wp-json\/wp\/v2\/media?parent=1558"}],"wp:term":[{"taxonomy":"category","embeddable":true,"href":"https:\/\/www.turhalhakimiyet.com\/index.php\/wp-json\/wp\/v2\/categories?post=1558"},{"taxonomy":"post_tag","embeddable":true,"href":"https:\/\/www.turhalhakimiyet.com\/index.php\/wp-json\/wp\/v2\/tags?post=1558"}],"curies":[{"name":"wp","href":"https:\/\/api.w.org\/{rel}","templated":true}]}}